{"id":10336,"date":"2017-10-23T09:00:08","date_gmt":"2017-10-23T12:00:08","guid":{"rendered":"http:\/\/www.corumbaonline.com.br\/news\/?p=10336"},"modified":"2017-10-23T09:59:04","modified_gmt":"2017-10-23T12:59:04","slug":"ruiter-representa-o-brasil-em-seminario-internacional-do-fonplata-sobre-hidrovia","status":"publish","type":"post","link":"https:\/\/www.corumbaonline.com.br\/news\/ruiter-representa-o-brasil-em-seminario-internacional-do-fonplata-sobre-hidrovia\/","title":{"rendered":"Ruiter representa o Brasil em semin\u00e1rio internacional do FONPLATA sobre hidrovia"},"content":{"rendered":"<p class=\"Standard\">Semin\u00e1rio Internacional em Assun\u00e7\u00e3o ter\u00e1 participa\u00e7\u00e3o do prefeito de Corumb\u00e1 Ruiter Cunha de Oliveira. A finalidade \u00e9 discutir a import\u00e2ncia da infraestrutura hidrovi\u00e1ria e ferrovi\u00e1ria para a integra\u00e7\u00e3o regional. No Paraguai, Ruiter ter\u00e1 participa\u00e7\u00e3o no painel sobre \u201cO papel da hidrovia na integra\u00e7\u00e3o f\u00edsica regional\u201d. O evento acontecer\u00e1 na manh\u00e3 de ter\u00e7a-feira, 24 de outubro, no Hotel Crowne, e \u00e9 organizado pelo Fundo Financeiro para o Desenvolvimento da Bacia do Prata \u2013 FONPLATA. O prefeito da capital pantaneira \u00e9 o representante do Brasil no semin\u00e1rio. O encontro ter\u00e1 participa\u00e7\u00e3o do Ministro de Obras P\u00fablicas do Paraguai, Ram\u00f3n Jim\u00e9nez; do secret\u00e1rio executivo do Comit\u00ea Intergovernamental da Hidrovia, Luis Pablo Niscovolos; de Fausto Arroyo, especialista s\u00eanior de log\u00edstica e transporte; e do vice-presidente da Administra\u00e7\u00e3o Nacional de Portos do Uruguai.<\/p>\n<p class=\"Standard\">\n<p class=\"Standard\">O semin\u00e1rio est\u00e1 sendo promovido levando em considera\u00e7\u00e3o que nas \u00faltimas d\u00e9cadas pa\u00edses da Am\u00e9rica Latina t\u00eam avan\u00e7ado em quest\u00f5es de integra\u00e7\u00e3o econ\u00f4mica e a regi\u00e3o tem conseguindo superar os riscos dos mercados globais. Nesse contexto, a integra\u00e7\u00e3o f\u00edsica entre os pa\u00edses \u00e9 fundamental. Para a organizadora do semin\u00e1rio, a melhoria na qualidade e cobertura dos servi\u00e7os de infraestrutura amplia os n\u00edveis de produtividade, reduz custos, impulsiona a competitividade e aumenta a demanda de novos servi\u00e7os. Nesse \u00e2mbito, a Am\u00e9rica Latina est\u00e1 atr\u00e1s da \u00c1sia, Am\u00e9rica do Norte e Europa.<\/p>\n<p class=\"Standard\">\n<p class=\"Standard\">Atualmente, nos pa\u00edses da Bacia do Prata, composta por Brasil, Paraguai, Uruguai e Argentina, h\u00e1 um crescente interesse em potencializar o desenvolvimento hidrovi\u00e1rio da regi\u00e3o, atrav\u00e9s dos rios Paraguai, Paran\u00e1, Uruguai e Prata. Com quase 3.500 quil\u00f4metros de extens\u00e3o, com cerca de 17 milh\u00f5es de pessoas, a hidrovia Paraguai-Paran\u00e1 \u00e9 fundamental para melhorar a competitividade log\u00edstica dos pa\u00edses que comp\u00f5em o FONPLATA. Por isso, o semin\u00e1rio prop\u00f5e analisar o papel da infraestrutura na integra\u00e7\u00e3o regional e discutir desafios e oportunidades que permitam superar os principais obst\u00e1culos para a melhoria do setor.<\/p>\n<p class=\"Standard\">\n<p class=\"Default\">O painel contar\u00e1 com modera\u00e7\u00e3o da especialista em transporte e log\u00edstica (CEPAL) Alejandra G\u00f3mez Paz. Ela levantar\u00e1 questionamentos de pontos estrat\u00e9gicos do tema e os palestrantes poder\u00e3o\u00a0 manifestar seus posicionamentos e discutir sobre os aspectos que considerarem mais importantes. O tempo estimado para o di\u00e1logo \u00e9 de uma hora e meia e cada palestrante ter\u00e1 cinco minutos para fazer cada uma de suas considera\u00e7\u00f5es.<\/p>\n<p class=\"Default\">\n<p class=\"Default\">\u201cSer\u00e1 uma excelente oportunidade para debatermos os principais desafios e obst\u00e1culos que existem sobre a hidrovia do Rio Paraguai e mostrar o que ela representa e poderia representar para Corumb\u00e1, como tamb\u00e9m para o Brasil, j\u00e1 que estamos falando em integra\u00e7\u00e3o entre pa\u00edses, em termos econ\u00f4micos e de desenvolvimento. Nossa participa\u00e7\u00e3o ainda deve mostrar os motivos que levam nossa rede hidrovi\u00e1ria ainda n\u00e3o ser protagonista no ramo de transportes e quais entraves existem, tanto relacionados a quest\u00f5es ambientais, quanto log\u00edsticos\u201d, afirmou o prefeito Ruiter Cunha de Oliveira.<\/p>\n<p class=\"Default\">\n<p class=\"Default\">Na ocasi\u00e3o, ser\u00e3o discutidas propostas concretas sobre regulariza\u00e7\u00e3o, mobilidade e log\u00edstica e investimentos priorit\u00e1rios em infraestrutura e servi\u00e7os que permitam dinamizar a produ\u00e7\u00e3o e o com\u00e9rcio na regi\u00e3o com o objetivo de modificar o atual cen\u00e1rio. O papel de \u00f3rg\u00e3os multilaterais de financiamento como o FONPLATA para dinamiza\u00e7\u00e3o do funcionamento da hidrovia tamb\u00e9m ser\u00e1 debatido. Todas as despesas com a viagem e estadia do prefeito de Corumb\u00e1 em Assun\u00e7\u00e3o est\u00e3o sendo custeadas pela organizadora do evento.<\/p>\n","protected":false},"excerpt":{"rendered":"<p>Semin\u00e1rio Internacional em Assun\u00e7\u00e3o ter\u00e1 participa\u00e7\u00e3o do prefeito de Corumb\u00e1 Ruiter Cunha de Oliveira. A&#8230;<\/p>\n","protected":false},"author":1,"featured_media":10337,"comment_status":"closed","ping_status":"closed","sticky":false,"template":"","format":"standard","meta":{"footnotes":""},"categories":[8,19],"tags":[],"class_list":["post-10336","post","type-post","status-publish","format-standard","has-post-thumbnail","hentry","category-destaque","category-politica"],"_links":{"self":[{"href":"https:\/\/www.corumbaonline.com.br\/news\/wp-json\/wp\/v2\/posts\/10336","targetHints":{"allow":["GET"]}}],"collection":[{"href":"https:\/\/www.corumbaonline.com.br\/news\/wp-json\/wp\/v2\/posts"}],"about":[{"href":"https:\/\/www.corumbaonline.com.br\/news\/wp-json\/wp\/v2\/types\/post"}],"author":[{"embeddable":true,"href":"https:\/\/www.corumbaonline.com.br\/news\/wp-json\/wp\/v2\/users\/1"}],"replies":[{"embeddable":true,"href":"https:\/\/www.corumbaonline.com.br\/news\/wp-json\/wp\/v2\/comments?post=10336"}],"version-history":[{"count":1,"href":"https:\/\/www.corumbaonline.com.br\/news\/wp-json\/wp\/v2\/posts\/10336\/revisions"}],"predecessor-version":[{"id":10338,"href":"https:\/\/www.corumbaonline.com.br\/news\/wp-json\/wp\/v2\/posts\/10336\/revisions\/10338"}],"wp:featuredmedia":[{"embeddable":true,"href":"https:\/\/www.corumbaonline.com.br\/news\/wp-json\/wp\/v2\/media\/10337"}],"wp:attachment":[{"href":"https:\/\/www.corumbaonline.com.br\/news\/wp-json\/wp\/v2\/media?parent=10336"}],"wp:term":[{"taxonomy":"category","embeddable":true,"href":"https:\/\/www.corumbaonline.com.br\/news\/wp-json\/wp\/v2\/categories?post=10336"},{"taxonomy":"post_tag","embeddable":true,"href":"https:\/\/www.corumbaonline.com.br\/news\/wp-json\/wp\/v2\/tags?post=10336"}],"curies":[{"name":"wp","href":"https:\/\/api.w.org\/{rel}","templated":true}]}}