{"id":10341,"date":"2017-10-23T09:22:03","date_gmt":"2017-10-23T12:22:03","guid":{"rendered":"http:\/\/www.corumbaonline.com.br\/news\/?p=10341"},"modified":"2017-10-23T10:07:02","modified_gmt":"2017-10-23T13:07:02","slug":"em-miranda-presidente-temer-anuncia-recursos-para-recuperacao-do-taquari","status":"publish","type":"post","link":"https:\/\/www.corumbaonline.com.br\/news\/em-miranda-presidente-temer-anuncia-recursos-para-recuperacao-do-taquari\/","title":{"rendered":"Em Miranda, presidente Temer anuncia recursos para recupera\u00e7\u00e3o do Taquari"},"content":{"rendered":"<p>Ao participar do encerramento do II Encontro Carta Caiman no Ref\u00fagio Ecol\u00f3gico Caiman, em Mirada, no \u00faltimo s\u00e1bado (21) o presidente Michel Temer assinou v\u00e1rias medidas na \u00e1rea ambiental,\u00a0 entre elas a que assegura recursos que ser\u00e3o aplicados na recupera\u00e7\u00e3o da Bacia do Taquari, que h\u00e1 d\u00e9cadas sofre com o processo de assoreamento. O valor \u00e9 parte dos \u00a0R$ 4,6 bilh\u00f5es em multas ambientais federais que ser\u00e3o convertidas em a\u00e7\u00f5es de preserva\u00e7\u00e3o ambiental.<\/p>\n<p>Em seu discurso durante o evento e se dirigindo ao presidente Michel Temer, o governador Reinaldo Azambuja falou da import\u00e2ncia da medida para a solu\u00e7\u00e3o de um dos mais graves e antigos problemas ambientais de Mato Grosso do Sul, que \u00e9 o assoreamento do Rio Taquari. \u201cTalvez uma das maiores conquistas para o meio ambiente brasileiro dos \u00faltimos tempos, que permite, atrav\u00e9s de uma legisla\u00e7\u00e3o, poder fazer essa transforma\u00e7\u00e3o de uma multa em servi\u00e7os ambientais e recupera\u00e7\u00e3o do meio ambiente. Isso \u00e9 tudo que precis\u00e1vamos. Colocar como uma das prioridades nos editais a recupera\u00e7\u00e3o, talvez do maior desastre ambiental de Mato Grosso do Sul e um dos maiores do pa\u00eds, que \u00e9 a recupera\u00e7\u00e3o do rio Taquari, sem sombra de d\u00favidas \u00e9 um grande avan\u00e7o\u201d, disse o governador.<\/p>\n<p>Al\u00e9m de assinar o decreto que regulamenta a convers\u00e3o de multas aplicadas pelos \u00f3rg\u00e3os ambientais federais em servi\u00e7os de recupera\u00e7\u00e3o de \u00e1reas degradadas, o presidente Michel Temer assinou Medida Provis\u00f3ria que estabelece regras para as compensa\u00e7\u00f5es ambientais em unidades de conserva\u00e7\u00e3o. Anunciou tamb\u00e9m a elabora\u00e7\u00e3o do Plano de Recursos H\u00eddricos da Regi\u00e3o Hidrogr\u00e1fica do Paraguai, a cria\u00e7\u00e3o do Comit\u00ea Interministerial do Taquari. E o ministro do Meio Ambiente, Sarney Filho, assinou Portaria que tem como objetivo apoiar as a\u00e7\u00f5es para a conserva\u00e7\u00e3o da regi\u00e3o dos banhados de Bonito.<\/p>\n<p>\u201cDemos um passo para assegurar o futuro do Pantanal. E quando falo em desenvolvimento sustent\u00e1vel uso a palavra di\u00e1logo, e fiquei contente em saber que pela manh\u00e3 produtores e aqueles que se dedicam ao meio ambiente estiveram reunidos discutindo a preserva\u00e7\u00e3o do Pantanal. O que precisamos fazer no Brasil \u00e9 juntar brasileiros com brasileiros e n\u00e3o contra. Temos que caminhar por essa trilha, juntar aqueles que s\u00e3o produtores com aqueles que preservam o meio ambiente e nem um nem outro far\u00e1 nada sem antes haver um amplo di\u00e1logo\u201d, afirmou o presidente Michel Temer.<\/p>\n<p>J\u00e1 o ministro Sarney Filho enalteceu o trabalho que est\u00e1 sendo feito para a preserva\u00e7\u00e3o do Pantanal. \u201cDemos in\u00edcio a um processo, sem volta, de destina\u00e7\u00e3o apropriada do Pantanal para as futuras gera\u00e7\u00f5es e principalmente para a melhoria das condi\u00e7\u00f5es de vida das pessoas que aqui moram e que aqui tem o privil\u00e9gio de desfrutar essa bel\u00edssima natureza\u201d, afirmou o ministro.<\/p>\n<p>O governador Reinaldo Azambuja tamb\u00e9m falou da import\u00e2ncia de todos os segmentos envolvidos se empenharem na busca de a\u00e7\u00f5es integradas para o Pantanal. \u00a0\u201cExiste uma converg\u00eancia de ideais para se construir pol\u00edticas p\u00fablicas para que a gente possa ter desenvolvimento e sustentabilidade. \u00c9 totalmente poss\u00edvel isso. Sentando-se \u00e0 mesa encontra-se caminhos, ouvimos aqui as universidades, as institui\u00e7\u00f5es encontrando caminhos para produ\u00e7\u00e3o com sustentabilidade\u201d, afirmou.<\/p>\n<p>Ele enfatizou o papel do homem pantaneiro no processo de preserva\u00e7\u00e3o do Pantanal, e defendeu a cria\u00e7\u00e3o de mecanismos que remunere os produtores rurais que pratiquem as atividades de maneira sustent\u00e1vel. \u201cA bacia pantaneira com 84% de preserva\u00e7\u00e3o e o planalto com quase 40%, isso foi constru\u00eddo por essas pessoas que secularmente viveram ali e s\u00e3o os respons\u00e1veis pelo modelo de Pantanal que n\u00f3s temos\u201d, comentou.<\/p>\n<p>Participaram do encontro tamb\u00e9m o ministro interino do Meio Ambiente Marcelo Cruz, o empres\u00e1rio Roberto Klabin, dono do Ref\u00fagio Ecol\u00f3gico Caiman, os secret\u00e1rios estaduais Eduardo Riedel (Governo e Gest\u00e3o Estrat\u00e9gica), Jaime Verruck\u00a0 (Meio Ambiente, Desenvolvimento Econ\u00f4mico, Produ\u00e7\u00e3o e Agricultura Familiar), os deputados federais Carlos Marum e Tereza Cristina, o senador Pedro Chaves, o presidente da Assembleia Legislativa, J\u00fanior Mochi, os prefeitos Marlene Bossay (Miranda) e Ruiter Cunha (Corumb\u00e1), al\u00e9m de dirigentes das entidades da classe produtora de Mato Grosso do Sul e Mato Grosso.<\/p>\n","protected":false},"excerpt":{"rendered":"<p>Ao participar do encerramento do II Encontro Carta Caiman no Ref\u00fagio Ecol\u00f3gico Caiman, em Mirada,&#8230;<\/p>\n","protected":false},"author":1,"featured_media":10342,"comment_status":"closed","ping_status":"closed","sticky":false,"template":"","format":"standard","meta":{"footnotes":""},"categories":[8,17,19],"tags":[],"class_list":["post-10341","post","type-post","status-publish","format-standard","has-post-thumbnail","hentry","category-destaque","category-meio-ambiente","category-politica"],"_links":{"self":[{"href":"https:\/\/www.corumbaonline.com.br\/news\/wp-json\/wp\/v2\/posts\/10341","targetHints":{"allow":["GET"]}}],"collection":[{"href":"https:\/\/www.corumbaonline.com.br\/news\/wp-json\/wp\/v2\/posts"}],"about":[{"href":"https:\/\/www.corumbaonline.com.br\/news\/wp-json\/wp\/v2\/types\/post"}],"author":[{"embeddable":true,"href":"https:\/\/www.corumbaonline.com.br\/news\/wp-json\/wp\/v2\/users\/1"}],"replies":[{"embeddable":true,"href":"https:\/\/www.corumbaonline.com.br\/news\/wp-json\/wp\/v2\/comments?post=10341"}],"version-history":[{"count":1,"href":"https:\/\/www.corumbaonline.com.br\/news\/wp-json\/wp\/v2\/posts\/10341\/revisions"}],"predecessor-version":[{"id":10343,"href":"https:\/\/www.corumbaonline.com.br\/news\/wp-json\/wp\/v2\/posts\/10341\/revisions\/10343"}],"wp:featuredmedia":[{"embeddable":true,"href":"https:\/\/www.corumbaonline.com.br\/news\/wp-json\/wp\/v2\/media\/10342"}],"wp:attachment":[{"href":"https:\/\/www.corumbaonline.com.br\/news\/wp-json\/wp\/v2\/media?parent=10341"}],"wp:term":[{"taxonomy":"category","embeddable":true,"href":"https:\/\/www.corumbaonline.com.br\/news\/wp-json\/wp\/v2\/categories?post=10341"},{"taxonomy":"post_tag","embeddable":true,"href":"https:\/\/www.corumbaonline.com.br\/news\/wp-json\/wp\/v2\/tags?post=10341"}],"curies":[{"name":"wp","href":"https:\/\/api.w.org\/{rel}","templated":true}]}}