{"id":10344,"date":"2017-10-23T09:35:27","date_gmt":"2017-10-23T12:35:27","guid":{"rendered":"http:\/\/www.corumbaonline.com.br\/news\/?p=10344"},"modified":"2017-10-23T10:12:25","modified_gmt":"2017-10-23T13:12:25","slug":"fiems-e-senai-promovem-nesta-terca-feira-o-4o-encontro-do-projeto-dialogos-de-inovacao","status":"publish","type":"post","link":"https:\/\/www.corumbaonline.com.br\/news\/fiems-e-senai-promovem-nesta-terca-feira-o-4o-encontro-do-projeto-dialogos-de-inovacao\/","title":{"rendered":"Fiems e Senai promovem nesta ter\u00e7a-feira o 4\u00ba encontro do projeto \u201cDi\u00e1logos de Inova\u00e7\u00e3o\u201d"},"content":{"rendered":"<p>A Fiems e o Senai realizam, nesta ter\u00e7a-feira (24), \u00e0s 8 horas, na sede da Faculdade de Tecnologia do Senai (FatecSenai), localizada na Rua Engenheiro Roberto Mange, s\/n, no Bairro Amamba\u00ed, em Campo Grande (MS), o quarto de oito encontros do projeto \u201cDi\u00e1logos de Inova\u00e7\u00e3o\u201d, que busca inspirar, mobilizar e capacitar empres\u00e1rios, empreendedores e a sociedade para pensar na ind\u00fastria de Mato Grosso do Sul pelos pr\u00f3ximos 20 anos.<\/p>\n<p>&nbsp;<\/p>\n<p>Com um formato inovador, representantes da ind\u00fastria do Estado e especialistas de renome nacional participar\u00e3o de oito encontros para discutir inova\u00e7\u00f5es e tecnologias para desenvolver e elevar a ind\u00fastria sul-mato-grossense \u00e0 vanguarda do setor. O quarto encontro ser\u00e1 sobre o tema \u201cNanotecnologia\u201d e com o doutor em Tecnologia Alimentar pela Universidade do Minho, Miguel Cerqueira, que \u00e9 premiado pela melhor Tese de Doutoramento 2011 da pela Escola de Engenharia da Universidade do Minho e PHD em Engenharia Qu\u00edmica e Biol\u00f3gica.<\/p>\n<p>&nbsp;<\/p>\n<p>Ap\u00f3s sete encontros, ser\u00e1 apresentado o painel \u201cMS &#8211; Ind\u00fastria para o Futuro\u201d. \u201cOs palestrantes e debatedores s\u00e3o pessoas que t\u00eam condi\u00e7\u00f5es t\u00e9cnicas de embasar esse trabalho concebido para pensar a ind\u00fastria do futuro e, no fim, esperamos ter condi\u00e7\u00f5es de criar a\u00e7\u00f5es concretas e oportunidades para as empresas, em parceria com o poder p\u00fablico e sociedade em geral\u201d, comentou o presidente da Fiems, S\u00e9rgio Longen, sobre como surgiu a iniciativa.<\/p>\n<p>&nbsp;<\/p>\n<p><strong>Formato<\/strong><\/p>\n<p>&nbsp;<\/p>\n<p>A cada encontro, 20 empres\u00e1rios do Estado ser\u00e3o selecionados para discutir presencialmente um tema espec\u00edfico com o palestrante convidado (e ser\u00e3o orientados a baixar um aplicativo do evento para, enquanto assistem \u00e0 apresenta\u00e7\u00e3o, possam acompanhar outras informa\u00e7\u00f5es e fazer perguntas), enquanto as demais pessoas poder\u00e3o interagir online.<\/p>\n<p>&nbsp;<\/p>\n<p>Todos os eventos ser\u00e3o transmitidos gratuitamente via Youtube e outras redes sociais da Fiems e Senai, sendo abertos \u00e0 popula\u00e7\u00e3o em geral com a possibilidade de intera\u00e7\u00e3o, enquanto as palestras ser\u00e3o realizadas em oito diferentes locais, sempre relacionados ao tema exposto. Respons\u00e1vel pela concep\u00e7\u00e3o e organiza\u00e7\u00e3o do evento, o diretor-regional do Senai, Jesner Escandolhero, falou sobre o conceito inovador do evento em si.<\/p>\n<p>&nbsp;<\/p>\n<p>\u201cTrouxemos um ambiente para favorecer essa discuss\u00e3o e, por meio dela, trazer para o nosso Estado a cultura da inova\u00e7\u00e3o\u201d, disse Jesner Escandolhero. \u201cO Senai no seu dia a dia j\u00e1 atua com tecnologia e inova\u00e7\u00e3o e, por meio do contato com as ind\u00fastrias e seus diversos segmentos, percebemos alguns gargalos e temas ainda muito mistificados e que, apesar de estarem presentes, ainda representam algumas barreiras que precisam ser discutidas\u201d, acrescentou.<\/p>\n<p>&nbsp;<\/p>\n<p>Ap\u00f3s a palestra sobre \u201cNanotecnologia\u201d, a s\u00e9rie de encontros continua com os temas \u201cEduca\u00e7\u00e3o\u201d, \u201cComportamento Coletivo\u201d e \u201cDesenvolvimento Local e as Ind\u00fastrias\u201d. Para encerrar a s\u00e9rie de encontros, o evento \u201cWebinar\u201d, no audit\u00f3rio do Edif\u00edcio Casa da Ind\u00fastria, em Campo Grande (MS), contar\u00e1 com a participa\u00e7\u00e3o online de todos os sete palestrantes e ter\u00e1 a intermedia\u00e7\u00e3o do apresentador da Globo News e Canal Futura, Ronaldo Lemos, quando ser\u00e1 apresentado o painel \u201cMS &#8211; Ind\u00fastria para o futuro\u201d e todos os participantes poder\u00e3o dar sua contribui\u00e7\u00e3o final.<\/p>\n","protected":false},"excerpt":{"rendered":"<p>A Fiems e o Senai realizam, nesta ter\u00e7a-feira (24), \u00e0s 8 horas, na sede da&#8230;<\/p>\n","protected":false},"author":1,"featured_media":10345,"comment_status":"closed","ping_status":"closed","sticky":false,"template":"","format":"standard","meta":{"footnotes":""},"categories":[10],"tags":[],"class_list":["post-10344","post","type-post","status-publish","format-standard","has-post-thumbnail","hentry","category-educacao"],"_links":{"self":[{"href":"https:\/\/www.corumbaonline.com.br\/news\/wp-json\/wp\/v2\/posts\/10344","targetHints":{"allow":["GET"]}}],"collection":[{"href":"https:\/\/www.corumbaonline.com.br\/news\/wp-json\/wp\/v2\/posts"}],"about":[{"href":"https:\/\/www.corumbaonline.com.br\/news\/wp-json\/wp\/v2\/types\/post"}],"author":[{"embeddable":true,"href":"https:\/\/www.corumbaonline.com.br\/news\/wp-json\/wp\/v2\/users\/1"}],"replies":[{"embeddable":true,"href":"https:\/\/www.corumbaonline.com.br\/news\/wp-json\/wp\/v2\/comments?post=10344"}],"version-history":[{"count":1,"href":"https:\/\/www.corumbaonline.com.br\/news\/wp-json\/wp\/v2\/posts\/10344\/revisions"}],"predecessor-version":[{"id":10346,"href":"https:\/\/www.corumbaonline.com.br\/news\/wp-json\/wp\/v2\/posts\/10344\/revisions\/10346"}],"wp:featuredmedia":[{"embeddable":true,"href":"https:\/\/www.corumbaonline.com.br\/news\/wp-json\/wp\/v2\/media\/10345"}],"wp:attachment":[{"href":"https:\/\/www.corumbaonline.com.br\/news\/wp-json\/wp\/v2\/media?parent=10344"}],"wp:term":[{"taxonomy":"category","embeddable":true,"href":"https:\/\/www.corumbaonline.com.br\/news\/wp-json\/wp\/v2\/categories?post=10344"},{"taxonomy":"post_tag","embeddable":true,"href":"https:\/\/www.corumbaonline.com.br\/news\/wp-json\/wp\/v2\/tags?post=10344"}],"curies":[{"name":"wp","href":"https:\/\/api.w.org\/{rel}","templated":true}]}}