{"id":10558,"date":"2017-10-27T12:00:14","date_gmt":"2017-10-27T15:00:14","guid":{"rendered":"http:\/\/www.corumbaonline.com.br\/news\/?p=10558"},"modified":"2017-10-27T12:18:09","modified_gmt":"2017-10-27T15:18:09","slug":"em-eleicao-antecipada-evander-e-reeleito-presidente-da-camara-de-corumba","status":"publish","type":"post","link":"https:\/\/www.corumbaonline.com.br\/news\/em-eleicao-antecipada-evander-e-reeleito-presidente-da-camara-de-corumba\/","title":{"rendered":"Em elei\u00e7\u00e3o antecipada, Evander \u00e9 reeleito presidente da C\u00e2mara de Corumb\u00e1"},"content":{"rendered":"<p>O vereador Evander Vendramini (PP) foi reeleito presidente da C\u00e2mara Municipal de Corumb\u00e1 para o bi\u00eanio 2019\/2020, por oitos votos a cinco. A elei\u00e7\u00e3o ocorreu na manh\u00e3 desta sexta-feira, 27, no plen\u00e1rio da Casa de Bar\u00e3o de Vila Maria e Vendramini. Os votos de dois vereadores foram anulados, devido \u00e0 forma em que as c\u00e9dulas foram dobradas, contrariando as normas estabelecidas.<\/p>\n<p>Al\u00e9m de Evander, foram eleitos Tadeu Vieira (PDT) como primeiro vice-presidente, por oito a cinco; Ga\u00facho da Pr\u00f3-Art (PP), segundo vice-presidente, por oito a cinco; Ant\u00f4nio Rufo Vinagre (PR), primeiro secret\u00e1rio, por oito a cinco, e Manoel Rodrigues Pereira Neto (PRB), segundo secret\u00e1rio, por sete a seis.<\/p>\n<p>A disputa pela mesa, no pleito, ficou restrita \u00e0 primeira secretaria que teve al\u00e9m de Rufo Vinagre, Andr\u00e9 Luiz Pereira Fernandes, o Andr\u00e9 da Farm\u00e1cia (PTB), como candidato.<\/p>\n<p>Evander Vendramini explicou que a antecipa\u00e7\u00e3o da elei\u00e7\u00e3o, que deveria ocorrer em 2018, ocorreu devido \u00e0s elei\u00e7\u00f5es para a Presid\u00eancia da Rep\u00fablica, Senado e C\u00e2mara Federal, bem como para o Governo do Estado e Assembleia Legislativa.<\/p>\n<p>A C\u00e2mara \u00e9 composta por 15 vereadores: Evander Vendramini, presidente; Ga\u00facho da Pr\u00f3-Art, primeiro vice; Yussef Salla, segundo vice; Rufo Vinagre, primeiro secret\u00e1rio; Manoel Rodrigues, segundo secret\u00e1rio (atual mesa diretora); Tadeu Vieira; Luciano Costa; Baianinho; Bira; Dr. Domingos; Roberto Fa\u00e7anha; Gabriel Alves de Oliveira; Mohamad Abdallah; Chic\u00e3o Vianna, e Andr\u00e9 da Farm\u00e1cia.<\/p>\n","protected":false},"excerpt":{"rendered":"<p>O vereador Evander Vendramini (PP) foi reeleito presidente da C\u00e2mara Municipal de Corumb\u00e1 para o&#8230;<\/p>\n","protected":false},"author":1,"featured_media":10559,"comment_status":"closed","ping_status":"closed","sticky":false,"template":"","format":"standard","meta":{"footnotes":""},"categories":[8,19],"tags":[],"class_list":["post-10558","post","type-post","status-publish","format-standard","has-post-thumbnail","hentry","category-destaque","category-politica"],"_links":{"self":[{"href":"https:\/\/www.corumbaonline.com.br\/news\/wp-json\/wp\/v2\/posts\/10558","targetHints":{"allow":["GET"]}}],"collection":[{"href":"https:\/\/www.corumbaonline.com.br\/news\/wp-json\/wp\/v2\/posts"}],"about":[{"href":"https:\/\/www.corumbaonline.com.br\/news\/wp-json\/wp\/v2\/types\/post"}],"author":[{"embeddable":true,"href":"https:\/\/www.corumbaonline.com.br\/news\/wp-json\/wp\/v2\/users\/1"}],"replies":[{"embeddable":true,"href":"https:\/\/www.corumbaonline.com.br\/news\/wp-json\/wp\/v2\/comments?post=10558"}],"version-history":[{"count":1,"href":"https:\/\/www.corumbaonline.com.br\/news\/wp-json\/wp\/v2\/posts\/10558\/revisions"}],"predecessor-version":[{"id":10560,"href":"https:\/\/www.corumbaonline.com.br\/news\/wp-json\/wp\/v2\/posts\/10558\/revisions\/10560"}],"wp:featuredmedia":[{"embeddable":true,"href":"https:\/\/www.corumbaonline.com.br\/news\/wp-json\/wp\/v2\/media\/10559"}],"wp:attachment":[{"href":"https:\/\/www.corumbaonline.com.br\/news\/wp-json\/wp\/v2\/media?parent=10558"}],"wp:term":[{"taxonomy":"category","embeddable":true,"href":"https:\/\/www.corumbaonline.com.br\/news\/wp-json\/wp\/v2\/categories?post=10558"},{"taxonomy":"post_tag","embeddable":true,"href":"https:\/\/www.corumbaonline.com.br\/news\/wp-json\/wp\/v2\/tags?post=10558"}],"curies":[{"name":"wp","href":"https:\/\/api.w.org\/{rel}","templated":true}]}}