{"id":10565,"date":"2017-10-27T14:00:18","date_gmt":"2017-10-27T17:00:18","guid":{"rendered":"http:\/\/www.corumbaonline.com.br\/news\/?p=10565"},"modified":"2017-10-27T15:32:49","modified_gmt":"2017-10-27T18:32:49","slug":"semana-de-mobilizacao-contra-dengue-envolve-usuarios-dos-cras-no-municipio","status":"publish","type":"post","link":"https:\/\/www.corumbaonline.com.br\/news\/semana-de-mobilizacao-contra-dengue-envolve-usuarios-dos-cras-no-municipio\/","title":{"rendered":"Semana de Mobiliza\u00e7\u00e3o contra Dengue envolve usu\u00e1rios dos CRAS no Munic\u00edpio"},"content":{"rendered":"<p>Na Semana Nacional de Mobiliza\u00e7\u00e3o da Educa\u00e7\u00e3o, Assist\u00eancia Social e Sa\u00fade, promovida pelo Minist\u00e9rio do Desenvolvimento Social, o Munic\u00edpio de Corumb\u00e1 realizou diversas atividades envolvendo a popula\u00e7\u00e3o. O objetivo foi promover conscientiza\u00e7\u00e3o e sensibiliza\u00e7\u00e3o a respeito das doen\u00e7as transmitidas pelo Aedes aegypti. A Secretaria de Assist\u00eancia Social, com apoio da Secretaria de Sa\u00fade, mobilizou o p\u00fablico dos Centros de Refer\u00eancia de Assist\u00eancia Social (CRAS), do Centro de Refer\u00eancia Especializado de Assist\u00eancia Social (CREAS) e do Centro de Refer\u00eancia Especializado para Popula\u00e7\u00e3o em Situa\u00e7\u00e3o de Rua (Centro POP). Palestras e mutir\u00e3o de limpeza foram realizados com moradores, l\u00edderes de comunidade, agentes de sa\u00fade e servidores dos CRAS.<\/p>\n<p>&nbsp;<\/p>\n<p>\u201cO per\u00edodo de chuvas vai recome\u00e7ar e, com ele, a prolifera\u00e7\u00e3o dos mosquitos aumenta. Precisamos intensificar a luta no combate ao Aedes aegypti e refor\u00e7ar a necessidade de eliminarmos os criadouros. Com essa mobiliza\u00e7\u00e3o, queremos, a partir da Assist\u00eancia Social, conscientizar moradores e l\u00edderes locais a se comprometerem a limpar bem suas casas eliminando qualquer possibilidade de foco de mosquito. Queremos ver Corumb\u00e1 sem Dengue, Zika e Chikungunya\u201d, afirmou Haroldo Cavassa, secret\u00e1rio municipal de Assist\u00eancia Social.<\/p>\n<p>&nbsp;<\/p>\n<p>De 23 a 27 de outubro, foram mobilizados usu\u00e1rios dos servi\u00e7os da Assist\u00eancia Social, benefici\u00e1rios do Programa Bolsa Fam\u00edlia e lideran\u00e7as comunit\u00e1rias. No Dia \u201cD\u201d de combate \u00e0 Dengue, ocorrido no dia 26, houve mutir\u00e3o de limpeza com organiza\u00e7\u00e3o dos CRAS com apoio da Secretaria de Sa\u00fade. Na manh\u00e3 desta sexta-feira, 27, equipes da Assist\u00eancia Social realizaram panfletagem no Centro da cidade.<\/p>\n<p>&nbsp;<\/p>\n<p><img loading=\"lazy\" decoding=\"async\" src=\"http:\/\/www.corumba.ms.gov.br\/public\/fotos\/61336-foto-clovis-neto-a.jpg\" alt=\"\" width=\"591\" height=\"386\" \/><\/p>\n<p>&nbsp;<\/p>\n<p>\u201cEsse \u00e9 um evento que est\u00e1 acontecendo nacionalmente e os respons\u00e1veis pela organiza\u00e7\u00e3o em cada munic\u00edpio s\u00e3o as Secretarias de Assist\u00eancia Social de todo o Brasil. Um dos objetivos da a\u00e7\u00e3o \u00e9 deixar claro que a quest\u00e3o da Dengue n\u00e3o est\u00e1 relacionada s\u00f3 \u00e0 Secretaria de Sa\u00fade, por isso, abra\u00e7amos essa causa, por acreditarmos que \u00e9 um problema de todos n\u00f3s. Nossos CRAS recebem muitos usu\u00e1rios e nada mais justo que come\u00e7armos um trabalho envolvendo o CRAS. Tivemos a importante parceria com a Secretaria Municipal de Sa\u00fade, com as palestras, culminando com o mutir\u00e3o de limpeza. O nosso objetivo tamb\u00e9m \u00e9 levar a Assist\u00eancia Social at\u00e9 a comunidade e o trabalho de panfletagem refor\u00e7a essa conscientiza\u00e7\u00e3o\u201d, afirmou Adelma Galeano, assessora de Pol\u00edticas Sociais da Secretaria Municipal de Assist\u00eancia Social.<\/p>\n<p>&nbsp;<\/p>\n<p>Para Viviane Ametlla, gerente de Vigil\u00e2ncia em Sa\u00fade, doen\u00e7as provocadas por mosquitos ultrapassam as responsabilidades da Sa\u00fade. A mobiliza\u00e7\u00e3o nacional que envolve a Assist\u00eancia Social bem como a Sa\u00fade e Educa\u00e7\u00e3o chegou em boa hora. \u201cEsperamos que os moradores se sensibilizem porque vai come\u00e7ar o per\u00edodo chuvoso e precisamos da colabora\u00e7\u00e3o de todos. Estamos com alta incid\u00eancia de Dengue e somos, at\u00e9 a semana passada, a segunda cidade do Estado em casos de Zika, mas estamos ainda em per\u00edodo de estiagem. Quando come\u00e7ar a chover, esse n\u00famero poder\u00e1 aumentar bastante. Os moradores devem ficar atentos e n\u00e3o esperar por \u00f3rg\u00e3os municipais para realizar limpeza em casa\u201d, frisou Viviane.<\/p>\n<p>&nbsp;<\/p>\n<p>A Prefeitura de Corumb\u00e1 lan\u00e7ou, no dia 18 de outubro, a campanha \u201cCombate ao Mosquito Aedes aegypti \u2013 Um desafio para nossa gente\u201d, que est\u00e1 envolvendo todas as secretarias municipais. A a\u00e7\u00e3o realizada nessa semana foi a primeira da campanha que seguir\u00e1 at\u00e9 mar\u00e7o de 2018.<\/p>\n<p>&nbsp;<\/p>\n<p><img loading=\"lazy\" decoding=\"async\" src=\"http:\/\/www.corumba.ms.gov.br\/public\/fotos\/61332-foto-clovis-neto-a.jpg\" alt=\"\" width=\"591\" height=\"386\" \/><\/p>\n","protected":false},"excerpt":{"rendered":"<p>Na Semana Nacional de Mobiliza\u00e7\u00e3o da Educa\u00e7\u00e3o, Assist\u00eancia Social e Sa\u00fade, promovida pelo Minist\u00e9rio do&#8230;<\/p>\n","protected":false},"author":1,"featured_media":10571,"comment_status":"closed","ping_status":"closed","sticky":false,"template":"","format":"standard","meta":{"footnotes":""},"categories":[8,21],"tags":[],"class_list":["post-10565","post","type-post","status-publish","format-standard","has-post-thumbnail","hentry","category-destaque","category-saude"],"_links":{"self":[{"href":"https:\/\/www.corumbaonline.com.br\/news\/wp-json\/wp\/v2\/posts\/10565","targetHints":{"allow":["GET"]}}],"collection":[{"href":"https:\/\/www.corumbaonline.com.br\/news\/wp-json\/wp\/v2\/posts"}],"about":[{"href":"https:\/\/www.corumbaonline.com.br\/news\/wp-json\/wp\/v2\/types\/post"}],"author":[{"embeddable":true,"href":"https:\/\/www.corumbaonline.com.br\/news\/wp-json\/wp\/v2\/users\/1"}],"replies":[{"embeddable":true,"href":"https:\/\/www.corumbaonline.com.br\/news\/wp-json\/wp\/v2\/comments?post=10565"}],"version-history":[{"count":1,"href":"https:\/\/www.corumbaonline.com.br\/news\/wp-json\/wp\/v2\/posts\/10565\/revisions"}],"predecessor-version":[{"id":10566,"href":"https:\/\/www.corumbaonline.com.br\/news\/wp-json\/wp\/v2\/posts\/10565\/revisions\/10566"}],"wp:featuredmedia":[{"embeddable":true,"href":"https:\/\/www.corumbaonline.com.br\/news\/wp-json\/wp\/v2\/media\/10571"}],"wp:attachment":[{"href":"https:\/\/www.corumbaonline.com.br\/news\/wp-json\/wp\/v2\/media?parent=10565"}],"wp:term":[{"taxonomy":"category","embeddable":true,"href":"https:\/\/www.corumbaonline.com.br\/news\/wp-json\/wp\/v2\/categories?post=10565"},{"taxonomy":"post_tag","embeddable":true,"href":"https:\/\/www.corumbaonline.com.br\/news\/wp-json\/wp\/v2\/tags?post=10565"}],"curies":[{"name":"wp","href":"https:\/\/api.w.org\/{rel}","templated":true}]}}