{"id":10890,"date":"2017-11-07T08:36:31","date_gmt":"2017-11-07T11:36:31","guid":{"rendered":"http:\/\/www.corumbaonline.com.br\/news\/?p=10890"},"modified":"2017-11-07T09:15:18","modified_gmt":"2017-11-07T12:15:18","slug":"ms-reforca-seu-papel-como-lider-nacional-em-producao-integrada-diz-jaime-verruck","status":"publish","type":"post","link":"https:\/\/www.corumbaonline.com.br\/news\/ms-reforca-seu-papel-como-lider-nacional-em-producao-integrada-diz-jaime-verruck\/","title":{"rendered":"MS refor\u00e7a seu papel como l\u00edder nacional em produ\u00e7\u00e3o integrada, diz Jaime Verruck"},"content":{"rendered":"<p><strong>\u00a0<\/strong>O Governo do Mato Grosso do Sul apoia a Campo Grande Expo 2018, feira agrotecnol\u00f3gica de neg\u00f3cios que acontecer\u00e1 no per\u00edodo de 16 a 20 de julho do pr\u00f3ximo ano. A parceria foi garantida pelo secret\u00e1rio\u00a0de Estado de Meio Ambiente, Desenvolvimento Econ\u00f4mico, Produ\u00e7\u00e3o e Agricultura Familiar, Jaime Verruck, durante o lan\u00e7amento oficial do evento, ocorrido no s\u00e1bado (4.11) no espa\u00e7o Terra Nova, localizado no Km 2 da Rodovia MS-080, que liga a Capital ao munic\u00edpio de Rochedo.<\/p>\n<div id=\"attachment_26285\" class=\"wp-caption aligncenter\"><a href=\"http:\/\/www.ms.gov.br\/wp-content\/uploads\/sites\/150\/2017\/11\/4fd8cc80-204b-4bf9-88f2-a068997b21e1.jpg\" rel=\"attachment wp-att-26285\"><img loading=\"lazy\" decoding=\"async\" class=\"wp-image-26285 size-full\" src=\"http:\/\/www.ms.gov.br\/wp-content\/uploads\/sites\/150\/2017\/11\/4fd8cc80-204b-4bf9-88f2-a068997b21e1.jpg\" alt=\"\" width=\"1024\" height=\"682\" \/><\/a><\/p>\n<p class=\"wp-caption-text\"><em>Secret\u00e1rio Jaime Verrucl conversando com a diretora da Agro Certfica, Alessandra Piano (organizadora do evento).<\/em><\/p>\n<\/div>\n<p>De acordo com Verruck, a tem\u00e1tica de integra\u00e7\u00e3o produtiva com metodologia sustent\u00e1vel atende a linha de pensamento do governador Reinaldo Azambuja, al\u00e9m do fato da iniciativa permitir que o Mato Grosso do Sul reforce seu papel como l\u00edder em atividades agregadas no agroneg\u00f3cio dentro do Brasil: \u201cO Estado est\u00e1 \u00e0 frente dos demais neste quesito. Dos 11 milh\u00f5es de hectares existentes no Pa\u00eds com sistemas integrados de produ\u00e7\u00e3o, pelo menos dois milh\u00f5es est\u00e3o no MS. E esta \u00e9 uma estrat\u00e9gia para o desenvolvimento da nossa agropecu\u00e1ria e agroind\u00fastria. N\u00e3o temos muita \u00e1rea para expandir, mas contamos com espa\u00e7o ainda muito bom para intensificar e integrar os modelos e segmentos produtivos\u201d.<\/p>\n<p>A Campo Grande Expo 2018 est\u00e1 sendo organizada dentro de um perfil fundamentalmente de neg\u00f3cios em linha de ponta, reunindo o que h\u00e1 de mais avan\u00e7ado em solu\u00e7\u00f5es, modelos e tecnologias para o produtor rural. Seu foco ser\u00e3o os sistemas integrados, resumidos na sigla ILPF (integra\u00e7\u00e3o lavoura-pecu\u00e1ria-floresta) e suas deriva\u00e7\u00f5es como a IPF (Integra\u00e7\u00e3o pecu\u00e1ria-floresta), ILP (integra\u00e7\u00e3o lavoura-pecu\u00e1ria) e ILF (Integra\u00e7\u00e3o lavoura-floresta).<\/p>\n<p>Neste aspecto, o secret\u00e1rio da Semagro destaca o esfor\u00e7o que o Governo vem fazendo para que a integra\u00e7\u00e3o produtiva fortale\u00e7a economicamente regi\u00f5es como a Costa Leste, junto ao Bols\u00e3o sul-mato-grossense, onde, segundo ele, est\u00e1 concentrada boa parte dos 1.056.000 hectares\u00a0 plantados com eucalipto no Estado. \u201cUm dos nossos objetivos \u00e9 unir boi, floresta e agricultura e l\u00e1 existem tr\u00eas milh\u00f5es de hectares dispon\u00edveis para integrar a pecu\u00e1ria ao sistema produtivo, elevando a produ\u00e7\u00e3o de carne do Mato Grosso do Sul, que j\u00e1 \u00e9 reconhecida como a melhor do Pa\u00eds\u201d, observa.<\/p>\n<p><strong>Agroneg\u00f3cio nacional<\/strong><\/p>\n<p>Outro detalhe destacado pelo secret\u00e1rio \u00e9 o impacto nacional e at\u00e9 internacional que a feira deve provocar em diferentes cadeias do agroneg\u00f3cio, atividade que vem sustentando a economia brasileira nos \u00faltimos anos. \u201cAl\u00e9m das grandes empresas que atuam no Brasil, temos de convidar tamb\u00e9m grupos e empres\u00e1rios que atuam em pa\u00edses vizinhos como Bol\u00edvia e Paraguai. Al\u00e9m da atra\u00e7\u00e3o de novos investidores, abriremos caminho para melhor comercializar o que produzimos\u201d, justifica.<\/p>\n<p>Para Alessandra Piano, diretora da Certfica Agro, empresa promotora do evento, a expectativa \u00e9 de reunir um p\u00fablico seleto e focado de aproximadamente 20.000 pessoas durante os cinco dias de feira. \u201cAt\u00e9 julho de 2018 todo este nosso trabalho deve gerar pelo menos 1.500 novas vagas de trabalho\u201d, calcula. Segundo ela, o evento ser\u00e1 concentrado em uma \u00e1rea de 34 hectares (no Espa\u00e7o Terra Nova) e\u00a0 contar\u00e1 com atividades pr\u00e1ticas, din\u00e2micas a campo, workshops, din\u00e2micas tecnol\u00f3gicas, espa\u00e7o para tecnologias digitais aplicadas (Agricultura 4.0), rotas integradas (boi, cana, soja e floresta) al\u00e9m de um dia especial para a mulher agro. \u201cA meta \u00e9 potencializar o agroneg\u00f3cio apresentando solu\u00e7\u00f5es para seu desenvolvimento\u201d, diz.<\/p>\n<div id=\"attachment_26289\" class=\"wp-caption aligncenter\"><a href=\"http:\/\/www.ms.gov.br\/wp-content\/uploads\/sites\/150\/2017\/11\/1526ac8a-7d4e-41f4-8776-1a0ba5f9129a.jpg\" rel=\"attachment wp-att-26289\"><img loading=\"lazy\" decoding=\"async\" class=\"wp-image-26289 size-full\" src=\"http:\/\/www.ms.gov.br\/wp-content\/uploads\/sites\/150\/2017\/11\/1526ac8a-7d4e-41f4-8776-1a0ba5f9129a.jpg\" alt=\"\" width=\"1024\" height=\"682\" \/><\/a><\/p>\n<p class=\"wp-caption-text\"><em>Foto oficial das lideran\u00e7as que apoiam a Campo Grande Expo 2018.<\/em><\/p>\n<\/div>\n<p>Al\u00e9m do secret\u00e1rio Jaime Verruck, que representou o governador Reinaldo Azambuja, o superintendente de Meio Ambiente, Ci\u00eancia e Tecnologia, Produ\u00e7\u00e3o e Agricultura Familiar da Semagro, Rog\u00e9rio Beretta, e o Diretor Presidente da\u00a0Ag\u00eancia de Desenvolvimento Agr\u00e1rio e Extens\u00e3o Rural (Agraer), Enelvo Felini tamb\u00e9m marcaram presen\u00e7a no lan\u00e7amento da Feira. Verruck e Beretta ajudaram a recepcionar autoridades como o coordenador geral de Produ\u00e7\u00e3o Sustent\u00e1vel do Minist\u00e9rio da Agricultura Pecu\u00e1ria e Abastecimento (MAPA), Mychel Gomes de S\u00e1 Ferraz e o presidente da Araiby, empresa parceira da Agrishow (Ribeir\u00e3o Preto, SP), Expozebu Din\u00e2mica (Uberaba, MG) e ESALQShow (Piracicaba, SP).<\/p>\n","protected":false},"excerpt":{"rendered":"<p>\u00a0O Governo do Mato Grosso do Sul apoia a Campo Grande Expo 2018, feira agrotecnol\u00f3gica&#8230;<\/p>\n","protected":false},"author":1,"featured_media":0,"comment_status":"closed","ping_status":"closed","sticky":false,"template":"","format":"standard","meta":{"footnotes":""},"categories":[2,8,9,19],"tags":[],"class_list":["post-10890","post","type-post","status-publish","format-standard","hentry","category-agropecuaria","category-destaque","category-economia","category-politica"],"_links":{"self":[{"href":"https:\/\/www.corumbaonline.com.br\/news\/wp-json\/wp\/v2\/posts\/10890","targetHints":{"allow":["GET"]}}],"collection":[{"href":"https:\/\/www.corumbaonline.com.br\/news\/wp-json\/wp\/v2\/posts"}],"about":[{"href":"https:\/\/www.corumbaonline.com.br\/news\/wp-json\/wp\/v2\/types\/post"}],"author":[{"embeddable":true,"href":"https:\/\/www.corumbaonline.com.br\/news\/wp-json\/wp\/v2\/users\/1"}],"replies":[{"embeddable":true,"href":"https:\/\/www.corumbaonline.com.br\/news\/wp-json\/wp\/v2\/comments?post=10890"}],"version-history":[{"count":1,"href":"https:\/\/www.corumbaonline.com.br\/news\/wp-json\/wp\/v2\/posts\/10890\/revisions"}],"predecessor-version":[{"id":10891,"href":"https:\/\/www.corumbaonline.com.br\/news\/wp-json\/wp\/v2\/posts\/10890\/revisions\/10891"}],"wp:attachment":[{"href":"https:\/\/www.corumbaonline.com.br\/news\/wp-json\/wp\/v2\/media?parent=10890"}],"wp:term":[{"taxonomy":"category","embeddable":true,"href":"https:\/\/www.corumbaonline.com.br\/news\/wp-json\/wp\/v2\/categories?post=10890"},{"taxonomy":"post_tag","embeddable":true,"href":"https:\/\/www.corumbaonline.com.br\/news\/wp-json\/wp\/v2\/tags?post=10890"}],"curies":[{"name":"wp","href":"https:\/\/api.w.org\/{rel}","templated":true}]}}