{"id":10961,"date":"2017-11-08T16:26:54","date_gmt":"2017-11-08T19:26:54","guid":{"rendered":"http:\/\/www.corumbaonline.com.br\/news\/?p=10961"},"modified":"2017-11-08T16:24:19","modified_gmt":"2017-11-08T19:24:19","slug":"temer-escolhe-delegado-fernando-segovia-para-assumir-direcao-da-policia-federal","status":"publish","type":"post","link":"https:\/\/www.corumbaonline.com.br\/news\/temer-escolhe-delegado-fernando-segovia-para-assumir-direcao-da-policia-federal\/","title":{"rendered":"Temer escolhe delegado Fernando Seg\u00f3via para assumir dire\u00e7\u00e3o da Pol\u00edcia Federal"},"content":{"rendered":"<p>O presidente Michel Temer resolveu nomear o delegado Fernando Seg\u00f3via para o cargo de diretor-geral da Pol\u00edcia Federal (PF). Seg\u00f3via vai substituir o atual diretor-geral, Leandro Daiello.<\/p>\n<p>O an\u00fancio foi feito por meio de nota do Minist\u00e9rio da Justi\u00e7a na tarde de hoje (8), ap\u00f3s Seg\u00f3via e o ministro da Justi\u00e7a, Torquato Jardim, terem sido recebidos por Temer.<\/p>\n<p>Formado em direito pela Universidade de Bras\u00edlia, Seg\u00f3via est\u00e1 h\u00e1 22 anos na PF. Foi superintendente regional da PF no Maranh\u00e3o e adido policial na \u00c1frica do Sul. Em boa parte de sua carreira, exerceu fun\u00e7\u00f5es de intelig\u00eancia nas fronteiras do Brasil.<\/p>\n<p>Leandro Daiello estava no cargo desde 2011, nomeado na gest\u00e3o do ent\u00e3o ministro da Justi\u00e7a, Jos\u00e9 Eduardo Cardozo, e j\u00e1 havia manifestado interesse em deixar o cargo. Na nota, o ministro da Justi\u00e7a, Torquato Jardim, faz um agradecimento pessoal e institucional a Daiello por sua \u201ccompetente e admir\u00e1vel administra\u00e7\u00e3o da Pol\u00edcia Federal nos \u00faltimos seis anos e dez meses\u201d.<\/p>\n","protected":false},"excerpt":{"rendered":"<p>O presidente Michel Temer resolveu nomear o delegado Fernando Seg\u00f3via para o cargo de diretor-geral&#8230;<\/p>\n","protected":false},"author":1,"featured_media":0,"comment_status":"closed","ping_status":"closed","sticky":false,"template":"","format":"standard","meta":{"footnotes":""},"categories":[19],"tags":[],"class_list":["post-10961","post","type-post","status-publish","format-standard","hentry","category-politica"],"_links":{"self":[{"href":"https:\/\/www.corumbaonline.com.br\/news\/wp-json\/wp\/v2\/posts\/10961","targetHints":{"allow":["GET"]}}],"collection":[{"href":"https:\/\/www.corumbaonline.com.br\/news\/wp-json\/wp\/v2\/posts"}],"about":[{"href":"https:\/\/www.corumbaonline.com.br\/news\/wp-json\/wp\/v2\/types\/post"}],"author":[{"embeddable":true,"href":"https:\/\/www.corumbaonline.com.br\/news\/wp-json\/wp\/v2\/users\/1"}],"replies":[{"embeddable":true,"href":"https:\/\/www.corumbaonline.com.br\/news\/wp-json\/wp\/v2\/comments?post=10961"}],"version-history":[{"count":1,"href":"https:\/\/www.corumbaonline.com.br\/news\/wp-json\/wp\/v2\/posts\/10961\/revisions"}],"predecessor-version":[{"id":10962,"href":"https:\/\/www.corumbaonline.com.br\/news\/wp-json\/wp\/v2\/posts\/10961\/revisions\/10962"}],"wp:attachment":[{"href":"https:\/\/www.corumbaonline.com.br\/news\/wp-json\/wp\/v2\/media?parent=10961"}],"wp:term":[{"taxonomy":"category","embeddable":true,"href":"https:\/\/www.corumbaonline.com.br\/news\/wp-json\/wp\/v2\/categories?post=10961"},{"taxonomy":"post_tag","embeddable":true,"href":"https:\/\/www.corumbaonline.com.br\/news\/wp-json\/wp\/v2\/tags?post=10961"}],"curies":[{"name":"wp","href":"https:\/\/api.w.org\/{rel}","templated":true}]}}