{"id":11007,"date":"2017-11-10T09:00:06","date_gmt":"2017-11-10T12:00:06","guid":{"rendered":"http:\/\/www.corumbaonline.com.br\/news\/?p=11007"},"modified":"2017-11-10T09:38:38","modified_gmt":"2017-11-10T12:38:38","slug":"usado-para-reajustar-alugueis-igp-m-tem-deflacao-de-14-em-12-meses","status":"publish","type":"post","link":"https:\/\/www.corumbaonline.com.br\/news\/usado-para-reajustar-alugueis-igp-m-tem-deflacao-de-14-em-12-meses\/","title":{"rendered":"Usado para reajustar alugu\u00e9is, IGP-M tem defla\u00e7\u00e3o de 1,4% em 12 meses"},"content":{"rendered":"<p>O \u00cdndice Geral de Pre\u00e7os-Mercado (IGP-M), utilizado no reajuste dos contratos de aluguel, registrou defla\u00e7\u00e3o (queda de pre\u00e7os) de 0,02% na primeira pr\u00e9via de novembro. A taxa \u00e9 menor que a infla\u00e7\u00e3o de 0,32% anotada na primeira pr\u00e9via de outubro, informou hoje (10), no Rio de Janeiro, a Funda\u00e7\u00e3o Getulio Vargas.<\/p>\n<p>Com a pr\u00e9via de novembro, o IGP-M acumula defla\u00e7\u00f5es de 1,95% no ano e de 1,4% no acumulado de 12 meses.<\/p>\n<p>A queda da taxa da pr\u00e9via de outubro para a de novembro foi provocada por defla\u00e7\u00e3o nos pre\u00e7os do atacado e por uma infla\u00e7\u00e3o menor no varejo. O \u00cdndice de Pre\u00e7os ao Produtor Amplo, que analisa o atacado, recuou de uma infla\u00e7\u00e3o de 0,42% em outubro para uma defla\u00e7\u00e3o de 0,09% em novembro.<\/p>\n<p>J\u00e1 a infla\u00e7\u00e3o do \u00cdndice de Pre\u00e7os ao Consumidor, que analisa o varejo, caiu de 0,17% em outubro para 0,03% em novembro.<\/p>\n<p>Por outro lado, o \u00cdndice Nacional de Custo da Constru\u00e7\u00e3o teve alta na taxa de infla\u00e7\u00e3o, ao passar de 0,06% em outubro para 0,29% na pr\u00e9via de novembro. A primeira pr\u00e9via do IGP-M de novembro foi calculada com base em pre\u00e7os coletados entre os dias 21 e 31 do m\u00eas de outubro.<\/p>\n","protected":false},"excerpt":{"rendered":"<p>O \u00cdndice Geral de Pre\u00e7os-Mercado (IGP-M), utilizado no reajuste dos contratos de aluguel, registrou defla\u00e7\u00e3o&#8230;<\/p>\n","protected":false},"author":1,"featured_media":0,"comment_status":"closed","ping_status":"closed","sticky":false,"template":"","format":"standard","meta":{"footnotes":""},"categories":[9],"tags":[],"class_list":["post-11007","post","type-post","status-publish","format-standard","hentry","category-economia"],"_links":{"self":[{"href":"https:\/\/www.corumbaonline.com.br\/news\/wp-json\/wp\/v2\/posts\/11007","targetHints":{"allow":["GET"]}}],"collection":[{"href":"https:\/\/www.corumbaonline.com.br\/news\/wp-json\/wp\/v2\/posts"}],"about":[{"href":"https:\/\/www.corumbaonline.com.br\/news\/wp-json\/wp\/v2\/types\/post"}],"author":[{"embeddable":true,"href":"https:\/\/www.corumbaonline.com.br\/news\/wp-json\/wp\/v2\/users\/1"}],"replies":[{"embeddable":true,"href":"https:\/\/www.corumbaonline.com.br\/news\/wp-json\/wp\/v2\/comments?post=11007"}],"version-history":[{"count":1,"href":"https:\/\/www.corumbaonline.com.br\/news\/wp-json\/wp\/v2\/posts\/11007\/revisions"}],"predecessor-version":[{"id":11008,"href":"https:\/\/www.corumbaonline.com.br\/news\/wp-json\/wp\/v2\/posts\/11007\/revisions\/11008"}],"wp:attachment":[{"href":"https:\/\/www.corumbaonline.com.br\/news\/wp-json\/wp\/v2\/media?parent=11007"}],"wp:term":[{"taxonomy":"category","embeddable":true,"href":"https:\/\/www.corumbaonline.com.br\/news\/wp-json\/wp\/v2\/categories?post=11007"},{"taxonomy":"post_tag","embeddable":true,"href":"https:\/\/www.corumbaonline.com.br\/news\/wp-json\/wp\/v2\/tags?post=11007"}],"curies":[{"name":"wp","href":"https:\/\/api.w.org\/{rel}","templated":true}]}}