{"id":11031,"date":"2017-11-10T11:50:54","date_gmt":"2017-11-10T14:50:54","guid":{"rendered":"http:\/\/www.corumbaonline.com.br\/news\/?p=11031"},"modified":"2017-11-10T11:10:03","modified_gmt":"2017-11-10T14:10:03","slug":"alms-instituido-dia-estadual-do-jornalista-em-mato-grosso-do-sul","status":"publish","type":"post","link":"https:\/\/www.corumbaonline.com.br\/news\/alms-instituido-dia-estadual-do-jornalista-em-mato-grosso-do-sul\/","title":{"rendered":"ALMS: Institu\u00eddo Dia Estadual do Jornalista em Mato Grosso do Sul"},"content":{"rendered":"<p>Com a publica\u00e7\u00e3o da\u00a0<ins><a href=\"http:\/\/www.spdo.ms.gov.br\/diariodoe\/Index\/Download\/DO9529_10_11_2017\" target=\"_blank\" rel=\"noopener noreferrer\">Lei 5.087<\/a><\/ins>\u00a0no Di\u00e1rio Oficial do Estado (DOE) desta sexta-feira (10), fica institu\u00eddo em Mato Grosso do Sul o Dia Estadual do Jornalista, a ser celebrado\u00a0anualmente em 7 de abril. A data passa a integrar o Calend\u00e1rio Oficial de Eventos do Estado, oficializado pela Lei 3.945, de 4 de agosto de 2010.\u00a0A proposi\u00e7\u00e3o em \u00e2mbito estadual \u00e9 do deputado Maur\u00edcio Picarelli (PSDB).<\/p>\n<p>&#8220;\u00c9 uma justa homenagem a todos os profissionais que atuam na profiss\u00e3o, com a \u00e1rdua tarefa de lidar com not\u00edcias e fatos, se preocupando em manter o p\u00fablico informado, de maneira imparcial e \u00e9tica. Seja na r\u00e1dio, na televis\u00e3o ou nos jornais impressos, o jornalista deve sempre trabalhar tendo como base a imparcialidade e fontes de informa\u00e7\u00e3o confi\u00e1veis, afirmou o parlamentar na justificativa da proposta.<\/p>\n<p>O Dia Nacional do Jornalista, tamb\u00e9m comemorado em 7 de abril, foi institu\u00eddo em 1931, por decis\u00e3o da Associa\u00e7\u00e3o Brasileira de Imprensa (ABI), como homenagem ao m\u00e9dico e jornalista Giovanni Battista L\u00edbero Badar\u00f3, morto por inimigos pol\u00edticos em 1830. Oposicionista ao imperador D. Pedro I, Badar\u00f3\u00a0foi o criador do Observat\u00f3rio Constitucional, jornal independente dedicado \u00e0 cobertura de\u00a0temas pol\u00edticos at\u00e9 ent\u00e3o censurados, e era defensor da liberdade de imprensa.<\/p>\n<p>A morte de Badar\u00f3 alimentou ainda mais a crise que come\u00e7ava a se instaurar no imp\u00e9rio de D. Pedro I, com protestos, muitas vezes violentos,\u00a0de quem era contra a repress\u00e3o do monarca, o que dificultou a perman\u00eancia dele no poder. Segundo historiadores, esse foi um dos fatores que levaram \u00e0 ren\u00fancia de D. Pedro, em 7 de abril de 1831.<\/p>\n","protected":false},"excerpt":{"rendered":"<p>Com a publica\u00e7\u00e3o da\u00a0Lei 5.087\u00a0no Di\u00e1rio Oficial do Estado (DOE) desta sexta-feira (10), fica institu\u00eddo&#8230;<\/p>\n","protected":false},"author":1,"featured_media":0,"comment_status":"closed","ping_status":"closed","sticky":false,"template":"","format":"standard","meta":{"footnotes":""},"categories":[19],"tags":[],"class_list":["post-11031","post","type-post","status-publish","format-standard","hentry","category-politica"],"_links":{"self":[{"href":"https:\/\/www.corumbaonline.com.br\/news\/wp-json\/wp\/v2\/posts\/11031","targetHints":{"allow":["GET"]}}],"collection":[{"href":"https:\/\/www.corumbaonline.com.br\/news\/wp-json\/wp\/v2\/posts"}],"about":[{"href":"https:\/\/www.corumbaonline.com.br\/news\/wp-json\/wp\/v2\/types\/post"}],"author":[{"embeddable":true,"href":"https:\/\/www.corumbaonline.com.br\/news\/wp-json\/wp\/v2\/users\/1"}],"replies":[{"embeddable":true,"href":"https:\/\/www.corumbaonline.com.br\/news\/wp-json\/wp\/v2\/comments?post=11031"}],"version-history":[{"count":1,"href":"https:\/\/www.corumbaonline.com.br\/news\/wp-json\/wp\/v2\/posts\/11031\/revisions"}],"predecessor-version":[{"id":11032,"href":"https:\/\/www.corumbaonline.com.br\/news\/wp-json\/wp\/v2\/posts\/11031\/revisions\/11032"}],"wp:attachment":[{"href":"https:\/\/www.corumbaonline.com.br\/news\/wp-json\/wp\/v2\/media?parent=11031"}],"wp:term":[{"taxonomy":"category","embeddable":true,"href":"https:\/\/www.corumbaonline.com.br\/news\/wp-json\/wp\/v2\/categories?post=11031"},{"taxonomy":"post_tag","embeddable":true,"href":"https:\/\/www.corumbaonline.com.br\/news\/wp-json\/wp\/v2\/tags?post=11031"}],"curies":[{"name":"wp","href":"https:\/\/api.w.org\/{rel}","templated":true}]}}