{"id":11039,"date":"2017-11-10T14:20:35","date_gmt":"2017-11-10T17:20:35","guid":{"rendered":"http:\/\/www.corumbaonline.com.br\/news\/?p=11039"},"modified":"2017-11-10T12:57:08","modified_gmt":"2017-11-10T15:57:08","slug":"agosto-verde-reinaldo-azambuja-sanciona-lei-que-combate-e-previne-a-depressao","status":"publish","type":"post","link":"https:\/\/www.corumbaonline.com.br\/news\/agosto-verde-reinaldo-azambuja-sanciona-lei-que-combate-e-previne-a-depressao\/","title":{"rendered":"\u201cAgosto Verde\u201d: Reinaldo Azambuja sanciona lei que combate e previne a depress\u00e3o"},"content":{"rendered":"<p>O governador Reinaldo Azambuja sancionou a lei que institui o m\u00eas \u201cAgosto Verde\u201d, dedicado a a\u00e7\u00f5es de combate e preven\u00e7\u00e3o \u00e0 depress\u00e3o. O texto pode ser conferido no\u00a0<a href=\"http:\/\/www.spdo.ms.gov.br\/diariodoe\/Index\/Download\/DO9529_10_11_2017\" target=\"_blank\" rel=\"noopener noreferrer\">Di\u00e1rio Oficial do Estado<\/a>\u00a0(DOE-MS) desta sexta-feira (10.11).<\/p>\n<p>Com a decis\u00e3o do governador, ser\u00e1 realizado em Mato Grosso do Sul a campanha \u201cAgosto Verde\u201d, com \u201ca\u00e7\u00f5es preventivas \u00e0 integridade da pessoa, visando a combater e a prevenir depress\u00e3o, prostra\u00e7\u00e3o ou des\u00e2nimo, abatimento, esgotamento, estresse, tristeza, melancolia, ansiedade, mal de Alzheimer, s\u00edndrome do p\u00e2nico, esquizofrenia, transtorno de bipolaridade e outras doen\u00e7as mentais\u201d.<\/p>\n<p>A partir do ano que vem, nos meses de agosto, ser\u00e3o desenvolvidas a\u00e7\u00f5es para conscientizar a popula\u00e7\u00e3o sobre as doen\u00e7as da mente, suas caracter\u00edsticas e as formas de preven\u00e7\u00e3o. Entre as atividades que devem ser realizadas est\u00e3o: procedimentos informativos, educativos, palestras, audi\u00eancias p\u00fablicas, semin\u00e1rios, confer\u00eancias e panfletos explicativos.<\/p>\n<p>A lei foi proposta pelos deputados estaduais Paulo Corr\u00eaa; George Takimoto; Paulo Siufi; Antonieta Amorim e Mauricio Picarelli.<\/p>\n<p><b>Autoriza\u00e7\u00e3o de aditivos de contratos com a Uni\u00e3o<\/b><\/p>\n<p>Tamb\u00e9m nesta sexta-feira foi publicada a lei que autoriza o Poder Executivo a celebrar termos aditivos aos contratos firmados com a Uni\u00e3o, com base na Lei Federal n\u00ba 9.496, de 11 de setembro de 1997, que diz sobre o alongamento da d\u00edvida dos estados.<\/p>\n<p><b>Estabelecimento penal de Ivinhema<\/b><\/p>\n<p>Outra lei sancionada pelo governador d\u00e1 o nome de \u201cDelegado Hoston Beliz\u00e1rio\u201d ao pr\u00e9dio do Estabelecimento Penal Masculino de Regime Fechado de Ivinhema. A proposta \u00e9 de autoria do deputado estadual Renato C\u00e2mara. Conforme o parlamentar, a nomea\u00e7\u00e3o do pr\u00e9dio representa \u00a0homenagem aos relevantes servi\u00e7os prestados pelo delegado \u00e0 popula\u00e7\u00e3o sul-mato-grossense.<\/p>\n<p><b>Dia do Jornalista<\/b><\/p>\n<p>Por proposi\u00e7\u00e3o do deputado Mauricio Picarelli, o governador Reinaldo Azambuja sancionou a Lei n\u00ba 5.087 que institui o Dia do Jornalista em Mato Grosso do Sul. A data, que ser\u00e1 comemorada no dia 7 de abril, foi anexada ao Calend\u00e1rio Oficial de Eventos do Estado. \u201cO Dia Estadual do Jornalista \u00e9 uma homenagem a todos os profissionais que atuam nesta profiss\u00e3o, com a \u00e1rdua tarefa de lidar com not\u00edcias e fatos, se preocupando em manter o p\u00fablico informado\u201d, justificou o parlamentar na proposta da lei.<\/p>\n<p><b>Associa\u00e7\u00e3o Luso-Brasileira de Campo Grande<\/b><\/p>\n<p>Sancionada pelo governador Reinaldo Azambuja e proposta pelo deputado Paulo Siufi, a Lei n\u00ba 5.089 que declara de Utilidade P\u00fablica Estadual a Associa\u00e7\u00e3o Luso-Brasileira de Campo Grande. Conforme o parlamentar, a institui\u00e7\u00e3o tem como objetivos promo\u00e7\u00e3o e patroc\u00ednio de atividades culturais, recreativas e de car\u00e1ter social em geral; manuten\u00e7\u00e3o de servi\u00e7os assistenciais aos seus associados e familiares; e incentivo e divulga\u00e7\u00e3o da tradi\u00e7\u00e3o e da cultura portuguesa, entre outros.<\/p>\n","protected":false},"excerpt":{"rendered":"<p>O governador Reinaldo Azambuja sancionou a lei que institui o m\u00eas \u201cAgosto Verde\u201d, dedicado a&#8230;<\/p>\n","protected":false},"author":1,"featured_media":11040,"comment_status":"closed","ping_status":"closed","sticky":false,"template":"","format":"standard","meta":{"footnotes":""},"categories":[8,19],"tags":[],"class_list":["post-11039","post","type-post","status-publish","format-standard","has-post-thumbnail","hentry","category-destaque","category-politica"],"_links":{"self":[{"href":"https:\/\/www.corumbaonline.com.br\/news\/wp-json\/wp\/v2\/posts\/11039","targetHints":{"allow":["GET"]}}],"collection":[{"href":"https:\/\/www.corumbaonline.com.br\/news\/wp-json\/wp\/v2\/posts"}],"about":[{"href":"https:\/\/www.corumbaonline.com.br\/news\/wp-json\/wp\/v2\/types\/post"}],"author":[{"embeddable":true,"href":"https:\/\/www.corumbaonline.com.br\/news\/wp-json\/wp\/v2\/users\/1"}],"replies":[{"embeddable":true,"href":"https:\/\/www.corumbaonline.com.br\/news\/wp-json\/wp\/v2\/comments?post=11039"}],"version-history":[{"count":1,"href":"https:\/\/www.corumbaonline.com.br\/news\/wp-json\/wp\/v2\/posts\/11039\/revisions"}],"predecessor-version":[{"id":11041,"href":"https:\/\/www.corumbaonline.com.br\/news\/wp-json\/wp\/v2\/posts\/11039\/revisions\/11041"}],"wp:featuredmedia":[{"embeddable":true,"href":"https:\/\/www.corumbaonline.com.br\/news\/wp-json\/wp\/v2\/media\/11040"}],"wp:attachment":[{"href":"https:\/\/www.corumbaonline.com.br\/news\/wp-json\/wp\/v2\/media?parent=11039"}],"wp:term":[{"taxonomy":"category","embeddable":true,"href":"https:\/\/www.corumbaonline.com.br\/news\/wp-json\/wp\/v2\/categories?post=11039"},{"taxonomy":"post_tag","embeddable":true,"href":"https:\/\/www.corumbaonline.com.br\/news\/wp-json\/wp\/v2\/tags?post=11039"}],"curies":[{"name":"wp","href":"https:\/\/api.w.org\/{rel}","templated":true}]}}