{"id":11105,"date":"2017-11-14T09:16:20","date_gmt":"2017-11-14T12:16:20","guid":{"rendered":"http:\/\/www.corumbaonline.com.br\/news\/?p=11105"},"modified":"2017-11-14T09:14:26","modified_gmt":"2017-11-14T12:14:26","slug":"11105","status":"publish","type":"post","link":"https:\/\/www.corumbaonline.com.br\/news\/11105\/","title":{"rendered":"Mudan\u00e7as clim\u00e1ticas e a valora\u00e7\u00e3o da regi\u00e3o pantaneira s\u00e3o destaque em evento de comemora\u00e7\u00e3o ao dia do Pantanal"},"content":{"rendered":"<p>12 de novembro \u00e9 o Dia do Pantanal, a maior \u00e1rea \u00famida continental do planeta e Patrim\u00f4nio da Humanidade e Reserva da Biosfera. Em comemora\u00e7\u00e3o \u00e0 data, o pesquisador da Embrapa Ivan Bergier participou do evento nacional \u201cVamos Falar de Pantanal?\u201d realizado pela WWF Brasil no dia 8\/11, no teatro Centro Cultural Unibes, localizado na capital paulista.<\/p>\n<p>Durante o encontro foram abordados diversos assuntos como as belezas da fauna e da flora, a cultura e a gastronomia da regi\u00e3o pantaneira, bem como apresentadas as principais amea\u00e7as para o bioma. Al\u00e9m de contar com especialistas, o evento teve a participa\u00e7\u00e3o do personagem Chico Bento, da Maur\u00edcio de Sousa Produ\u00e7\u00f5es. O personagem foi nomeado pela WWF-Brasil em 2014 \u201cembaixador da prote\u00e7\u00e3o das nascentes do Pantanal\u201d. Assim, o evento fez tamb\u00e9m alus\u00e3o ao lan\u00e7amento do gibi especial \u201cChico Bento vai ao Pantanal\u201d e de uma s\u00e9rie de hist\u00f3rias em quadrinhos do Chico Bento no Pantanal.<\/p>\n<p>Em sua palestra, o pesquisador Ivan Bergier apresentou dados in\u00e9ditos sobre as mudan\u00e7as clim\u00e1ticas na regi\u00e3o. Segundo o pesquisador, as mudan\u00e7as clim\u00e1ticas e a crescente ocupa\u00e7\u00e3o desordenada de agroecossistemas na regi\u00e3o de planalto devem ser ambas entendidas como reais amea\u00e7as ao Pantanal: \u201cas chuvas de ver\u00e3o est\u00e3o ficando mais extremas. Desde 1925 at\u00e9 2016, vem sendo observada uma tend\u00eancia de mais chuvas em menos dias, o que pode ser uma resposta do clima ao aquecimento global induzido pela emiss\u00e3o humana de gases estufa\u201d, explica.<\/p>\n<p>De outro lado, a supress\u00e3o continuada da vegeta\u00e7\u00e3o original do Cerrado no planalto para dar lugar \u00e0 agropecu\u00e1ria tem afetado diretamente a quantidade de \u00e1gua e sedimentos transportados do planalto para a plan\u00edcie. Para o pesquisador, al\u00e9m de acordos multinacionais para a mitiga\u00e7\u00e3o das emiss\u00f5es de gases estufa (como os tratados nas Confer\u00eancias das Partes das Na\u00e7\u00f5es Unidas), a conserva\u00e7\u00e3o do Pantanal depende essencialmente de pol\u00edticas p\u00fablicas regionais que incentivem a ado\u00e7\u00e3o de sistemas integrados de produ\u00e7\u00e3o de alimentos no planalto. \u201cSem medidas de restaura\u00e7\u00e3o da vegeta\u00e7\u00e3o nativa, ou da promo\u00e7\u00e3o concreta da ado\u00e7\u00e3o de sistemas agroflorestais como a integra\u00e7\u00e3o ou combina\u00e7\u00e3o entre lavoura, pecu\u00e1ria e florestas plantadas no planalto, a mudan\u00e7a do clima poder\u00e1 intensificar o impacto da agropecu\u00e1ria do planalto nas plan\u00edcies, afetando comunidades de produtores de gado, ribeirinhos e outras atividades como ecoturismo, transporte por hidrovia e pesca.<\/p>\n<p>Ivan explica que &#8220;chuvas extremas podem desencadear aumentos da descarga fluvial dos planaltos desmatados, favorecendo a ocorr\u00eancia de cheias extremas em \u00e1reas inund\u00e1veis por rios, o que pode aumentar a frequ\u00eancia de processos naturais conhecidos por arrombados e avuls\u00f5es\u201d. Esses fen\u00f4menos mudam drasticamente a paisagem nas plan\u00edcies e o tempo necess\u00e1rio de restaura\u00e7\u00e3o dos ecossistemas impactados \u00e9 vari\u00e1vel, dependente da magnitude do arrombado e da subsequente avuls\u00e3o.<\/p>\n<p><strong>Quanto Vale o Pantanal?<\/strong><\/p>\n<p>O coordenador do Programa Cerrado Pantanal do WWF-Brasil J\u00falio C\u00e9sar Sampaio, citou, durante sua apresenta\u00e7\u00e3o, dados do trabalho \u201cQuanto vale o Pantanal?\u201d, publicado pelo pesquisador da Embrapa Andr\u00e9 Steffens Moraes. \u201cO desmatamento do Pantanal tem um pre\u00e7o: mais de R$24 mil por hectare ao ano. Considerando que 18% da plan\u00edcie j\u00e1 foi desmatada por conta da expans\u00e3o de commodities e produ\u00e7\u00e3o extensiva de gado, o custo total \u00e9 de R$19 milh\u00f5es ao ano. Isso \u00e9 terr\u00edvel porque estamos reduzindo a quantidade das popula\u00e7\u00f5es animais e vegetais podendo haver um s\u00e9rio risco redu\u00e7\u00e3o da biodiversidade, afetando processos que garantem a disponibilidade de \u00e1gua para as popula\u00e7\u00f5es&#8221;, afirmou J\u00falio C\u00e9sar Sampaio.<\/p>\n<p>Al\u00e9m do pesquisador da unidade de Corumb\u00e1\/MS e do coordenador do Programa Cerrado Pantanal do WWF-Brasil o evento contou com apresenta\u00e7\u00f5es de M\u00f4nica de Sousa, diretora executiva da Mauricio de Sousa Produ\u00e7\u00f5es, do Professor Jos\u00e9 Sabino, bi\u00f3logo e especialista em comportamento animal e fauna do Pantanal da Universidade Anhanguera; da bi\u00f3loga Cristina Neves, gestora ambiental da Reserva Particular do Patrim\u00f4nio Natural (RPPN) SESC Pantanal e da Professora Marli Deon Sette, especialista em Direito Ambiental da UFMT.<\/p>\n<p>Em sua palestra, Marli Deon Sette, explicou o Brasil precisa criar mecanismos para remunerar os propriet\u00e1rios que preservem as riquezas naturais: \u201ctemos que demonstrar que \u00e9 economicamente mais vantajoso para os propriet\u00e1rios das terras manter a mata do que retir\u00e1-la. Um desses mecanismos deveria ser o Pagamento por Servi\u00e7os Ambientais (PSA), bem como incentivar o uso inteligente do Pantanal com pr\u00e1ticas como a pecu\u00e1ria tradicional, a agricultura familiar n\u00e3o mecanizada e o turismo ecol\u00f3gico e rural\u201d, afirmou a especialista.<\/p>\n<p>A programa\u00e7\u00e3o tamb\u00e9m incluiu m\u00fasica t\u00edpica da regi\u00e3o, com a cantora cuiabana Ana Rafaela, e culin\u00e1ria pantaneira elaborada pela chef Ariani Malouf.<\/p>\n<p><strong>Chico Bento e o Pantanal<\/strong><\/p>\n<p>O personagem Chico Bento foi escolhido para ser o embaixador da prote\u00e7\u00e3o das nascentes do Pantanal por ser um amante da natureza. Segundo os idealizadores dessa iniciativa, o objetivo das hist\u00f3rias \u00e9 envolver o maior n\u00famero de pessoas, entre adultos e crian\u00e7as, e transmitir a import\u00e2ncia da preserva\u00e7\u00e3o da \u00e1gua doce. Segundo M\u00f4nica de Sousa, filha do ilustrador Mauricio de Sousa e diretora executiva da Mauricio de Sousa Produ\u00e7\u00f5es, as informa\u00e7\u00f5es e dados apresentados pelos especialistas durante as palestras servir\u00e3o de inspira\u00e7\u00e3o e base de conhecimento para a formula\u00e7\u00e3o de quadrinhos sobre a tem\u00e1tica.<\/p>\n","protected":false},"excerpt":{"rendered":"<p>12 de novembro \u00e9 o Dia do Pantanal, a maior \u00e1rea \u00famida continental do planeta&#8230;<\/p>\n","protected":false},"author":1,"featured_media":11106,"comment_status":"closed","ping_status":"closed","sticky":false,"template":"","format":"standard","meta":{"footnotes":""},"categories":[2],"tags":[],"class_list":["post-11105","post","type-post","status-publish","format-standard","has-post-thumbnail","hentry","category-agropecuaria"],"_links":{"self":[{"href":"https:\/\/www.corumbaonline.com.br\/news\/wp-json\/wp\/v2\/posts\/11105","targetHints":{"allow":["GET"]}}],"collection":[{"href":"https:\/\/www.corumbaonline.com.br\/news\/wp-json\/wp\/v2\/posts"}],"about":[{"href":"https:\/\/www.corumbaonline.com.br\/news\/wp-json\/wp\/v2\/types\/post"}],"author":[{"embeddable":true,"href":"https:\/\/www.corumbaonline.com.br\/news\/wp-json\/wp\/v2\/users\/1"}],"replies":[{"embeddable":true,"href":"https:\/\/www.corumbaonline.com.br\/news\/wp-json\/wp\/v2\/comments?post=11105"}],"version-history":[{"count":2,"href":"https:\/\/www.corumbaonline.com.br\/news\/wp-json\/wp\/v2\/posts\/11105\/revisions"}],"predecessor-version":[{"id":11108,"href":"https:\/\/www.corumbaonline.com.br\/news\/wp-json\/wp\/v2\/posts\/11105\/revisions\/11108"}],"wp:featuredmedia":[{"embeddable":true,"href":"https:\/\/www.corumbaonline.com.br\/news\/wp-json\/wp\/v2\/media\/11106"}],"wp:attachment":[{"href":"https:\/\/www.corumbaonline.com.br\/news\/wp-json\/wp\/v2\/media?parent=11105"}],"wp:term":[{"taxonomy":"category","embeddable":true,"href":"https:\/\/www.corumbaonline.com.br\/news\/wp-json\/wp\/v2\/categories?post=11105"},{"taxonomy":"post_tag","embeddable":true,"href":"https:\/\/www.corumbaonline.com.br\/news\/wp-json\/wp\/v2\/tags?post=11105"}],"curies":[{"name":"wp","href":"https:\/\/api.w.org\/{rel}","templated":true}]}}