{"id":11138,"date":"2017-11-14T12:00:32","date_gmt":"2017-11-14T15:00:32","guid":{"rendered":"http:\/\/www.corumbaonline.com.br\/news\/?p=11138"},"modified":"2017-11-14T11:43:40","modified_gmt":"2017-11-14T14:43:40","slug":"municipio-repassa-mais-r-285-mil-para-instituicoes-da-rede-socioassistencial","status":"publish","type":"post","link":"https:\/\/www.corumbaonline.com.br\/news\/municipio-repassa-mais-r-285-mil-para-instituicoes-da-rede-socioassistencial\/","title":{"rendered":"Munic\u00edpio repassa mais R$ 285 mil para institui\u00e7\u00f5es da rede socioassistencial"},"content":{"rendered":"<p>O prefeito Marcelo Iunes fez, na manh\u00e3 desta ter\u00e7a-feira, 14 de novembro, o repasse de R$ 285.207,12 para quatro organiza\u00e7\u00f5es n\u00e3o governamentais que comp\u00f5em a Rede de Atendimento Socioassistencial de Corumb\u00e1 na execu\u00e7\u00e3o da Pol\u00edtica Municipal de Assist\u00eancia Social. Outras duas institui\u00e7\u00f5es \u2013 que est\u00e3o em fase de regulariza\u00e7\u00e3o documental \u2013 tamb\u00e9m receber\u00e3o os recursos. Ao todo, o Munic\u00edpio vai formalizar repasse de R$ 329.507,12.<\/p>\n<p>&nbsp;<\/p>\n<p>Com a iniciativa, o Munic\u00edpio busca fortalecer as a\u00e7\u00f5es socioassistenciais voltadas \u00e0s crian\u00e7as, adolescentes, jovens, adultos e suas fam\u00edlias; proporcionar melhores condi\u00e7\u00f5es de assist\u00eancia e promover a autonomia e a melhoria na qualidade de vida daquelas pessoas que s\u00e3o assistidas pelas Organiza\u00e7\u00f5es de Sociedade Civil (OSCs) contempladas.<\/p>\n<p>&nbsp;<\/p>\n<p>Provenientes dos governos Federal e Estadual, os recursos foram repassados \u00e0s organiza\u00e7\u00f5es por meio da Secretaria Municipal de Assist\u00eancia Social, de acordo com a Lei Org\u00e2nica de Assist\u00eancia Social e com o Sistema \u00danico de Assist\u00eancia Social (SUAS), alocados no Fundo Municipal de Assist\u00eancia Social. Receberam: CRIPAM; Centro de Equoterapia Odilza Miranda de Barros; APAE Corumb\u00e1 e Asilo S\u00e3o Jos\u00e9. O Instituo Moinho Cultural Sul Americano e a Inspetoria Imaculada Auxiliadora \u2013 Obra Social Madre Mazarello\/Geniquinho ser\u00e3o contemplados quando a documenta\u00e7\u00e3o for regularizada.<\/p>\n<p>&nbsp;<\/p>\n<p>O repasse foi feito de acordo com a Lei Federal 13.019\/2014 \u2013 chamada de Novo Marco Regulat\u00f3rio das Organiza\u00e7\u00f5es da Sociedade Civil. Essa legisla\u00e7\u00e3o estabelece o regime jur\u00eddico das parcerias entre a Administra\u00e7\u00e3o P\u00fablica e as organiza\u00e7\u00f5es da sociedade civil, em regime de m\u00fatua coopera\u00e7\u00e3o, para execu\u00e7\u00e3o de finalidades de interesse p\u00fablico e rec\u00edproco. Tamb\u00e9m define diretrizes para a pol\u00edtica de fomento, de colabora\u00e7\u00e3o e de coopera\u00e7\u00e3o com organiza\u00e7\u00f5es da sociedade civil.<\/p>\n<p>&nbsp;<\/p>\n<p>Marcelo Iunes, ap\u00f3s formalizar a destina\u00e7\u00e3o dos recursos, explicou que por conta da adequa\u00e7\u00e3o \u00e0 lei do marco regulat\u00f3rio houve demora em efetuar o repasse. Agora, a Administra\u00e7\u00e3o Municipal fez a destina\u00e7\u00e3o integral da verba para as institui\u00e7\u00f5es.<\/p>\n<p>&nbsp;<\/p>\n<p>\u201cHouve esse atraso em raz\u00e3o da mudan\u00e7a na legisla\u00e7\u00e3o do marco regulat\u00f3rio das Organiza\u00e7\u00f5es da Sociedade Civil. Mas, independente disso pedimos que a Secretaria Municipal de Assist\u00eancia Social agilizasse o processo e fizesse o repasse integral. Houve verba federal que ainda n\u00e3o chegou, mas autorizamos a destina\u00e7\u00e3o. Quando chegar, o recurso retorna para Assist\u00eancia Social\u201d, afirmou ao destacar a import\u00e2ncia do servi\u00e7o das institui\u00e7\u00f5es. \u201cS\u00e3o entidades que auxiliam muito o Munic\u00edpio com o trabalho que realizam\u201d, disse.<\/p>\n<p>&nbsp;<\/p>\n<p>Participando da cerim\u00f4nia, na sala de reuni\u00f5es do gabinete do prefeito, o secret\u00e1rio de Assist\u00eancia Social, Haroldo Ribeiro Cavassa, que o Munic\u00edpio tamb\u00e9m dar\u00e1 suporte no processo de presta\u00e7\u00e3o de contas. \u00a0\u201cH\u00e1 um plano de trabalho para os pr\u00f3ximos quatro meses para a devida utiliza\u00e7\u00e3o desses recursos. Paralelamente, vamos acompanhar a presta\u00e7\u00e3o de contas passo a passo. \u00c9 uma lei nova e tem que observar uma s\u00e9rie de normas\u201d, completou.<\/p>\n<p><strong>Institui\u00e7\u00f5es atendidas<\/strong><\/p>\n<p>&nbsp;<\/p>\n<p>CRIPAM \u2013 Centro De Apoio Infanto Juvenil (CAIJ) \u2013 R$ 26.800,00 para prote\u00e7\u00e3o social por meio de a\u00e7\u00f5es socioassistenciais como prote\u00e7\u00e3o social b\u00e1sica com o servi\u00e7o de conviv\u00eancia e fortalecimentos de v\u00ednculos.<\/p>\n<p>&nbsp;<\/p>\n<p>CRIPAM \u2013 Casa de Acolhimento Irm\u00e3 Marisa Pagge \u2013 R$ R$ 40.000,00 (2 termos de colabora\u00e7\u00e3o) para execu\u00e7\u00e3o das a\u00e7\u00f5es da prote\u00e7\u00e3o social especial de alta complexidade, acolhimento institucional para crian\u00e7as de 0 a 6 anos incompletos, sob medida de prote\u00e7\u00e3o e em situa\u00e7\u00e3o de risco pessoal e social, cujas fam\u00edlias ou respons\u00e1veis est\u00e3o impossibilitados cuid\u00e1-las.<\/p>\n<p>&nbsp;<\/p>\n<p>Centro de Equoterapia Odilza Miranda de Barros \u2013 R$ 17.500,00 para a\u00e7\u00f5es de prote\u00e7\u00e3o social executadas por meio do Servi\u00e7o de Prote\u00e7\u00e3o Social Especial para Pessoas com Defici\u00eancia e suas Fam\u00edlias, e atendimento de pessoas com defici\u00eancia e seus familiares praticantes da Equoterapia.<\/p>\n<p>&nbsp;<\/p>\n<p>Associa\u00e7\u00e3o de Pais e Amigos dos Excepcionais \u2013 APAE Corumb\u00e1 \u2013 R$ 82.000,00 (2 termos de colabora\u00e7\u00e3o) para execu\u00e7\u00e3o das a\u00e7\u00f5es socioassistenciais \u2013 Servi\u00e7o de Prote\u00e7\u00e3o Social Especial de m\u00e9dia complexidade para pessoas com defici\u00eancia e fam\u00edlia, visando proporcionar melhores condi\u00e7\u00f5es de assist\u00eancia e promover a autonomia e a melhoria da qualidade de vida.<\/p>\n<p>&nbsp;<\/p>\n<p>Asilo S\u00e3o Jos\u00e9 \u2013 R$ 118.907,12 para execu\u00e7\u00e3o de a\u00e7\u00f5es socioassistenciais \u2013 Servi\u00e7o de Prote\u00e7\u00e3o Social Especial de alta complexidade para pessoas idosas, com o objetivo de proporcionar acolhimento institucional para idosos de ambos os sexos, a fim de garantir prote\u00e7\u00e3o integral.<\/p>\n<p><strong>Repasses futuros<\/strong><\/p>\n<p>&nbsp;<\/p>\n<p>O Munic\u00edpio tamb\u00e9m repassar\u00e1 \u2013 quando a documenta\u00e7\u00e3o for regularizada \u2013 R$ 26.800,00 ao Instituo Moinho Cultural Sul Americano, e R$ R$ 17.500,00 \u00e0 Inspetoria Imaculada Auxiliadora \u2013 Obra Social Madre Mazarello\/Geniquinho.<\/p>\n","protected":false},"excerpt":{"rendered":"<p>O prefeito Marcelo Iunes fez, na manh\u00e3 desta ter\u00e7a-feira, 14 de novembro, o repasse de&#8230;<\/p>\n","protected":false},"author":1,"featured_media":11139,"comment_status":"closed","ping_status":"closed","sticky":false,"template":"","format":"standard","meta":{"footnotes":""},"categories":[8,19],"tags":[],"class_list":["post-11138","post","type-post","status-publish","format-standard","has-post-thumbnail","hentry","category-destaque","category-politica"],"_links":{"self":[{"href":"https:\/\/www.corumbaonline.com.br\/news\/wp-json\/wp\/v2\/posts\/11138","targetHints":{"allow":["GET"]}}],"collection":[{"href":"https:\/\/www.corumbaonline.com.br\/news\/wp-json\/wp\/v2\/posts"}],"about":[{"href":"https:\/\/www.corumbaonline.com.br\/news\/wp-json\/wp\/v2\/types\/post"}],"author":[{"embeddable":true,"href":"https:\/\/www.corumbaonline.com.br\/news\/wp-json\/wp\/v2\/users\/1"}],"replies":[{"embeddable":true,"href":"https:\/\/www.corumbaonline.com.br\/news\/wp-json\/wp\/v2\/comments?post=11138"}],"version-history":[{"count":1,"href":"https:\/\/www.corumbaonline.com.br\/news\/wp-json\/wp\/v2\/posts\/11138\/revisions"}],"predecessor-version":[{"id":11140,"href":"https:\/\/www.corumbaonline.com.br\/news\/wp-json\/wp\/v2\/posts\/11138\/revisions\/11140"}],"wp:featuredmedia":[{"embeddable":true,"href":"https:\/\/www.corumbaonline.com.br\/news\/wp-json\/wp\/v2\/media\/11139"}],"wp:attachment":[{"href":"https:\/\/www.corumbaonline.com.br\/news\/wp-json\/wp\/v2\/media?parent=11138"}],"wp:term":[{"taxonomy":"category","embeddable":true,"href":"https:\/\/www.corumbaonline.com.br\/news\/wp-json\/wp\/v2\/categories?post=11138"},{"taxonomy":"post_tag","embeddable":true,"href":"https:\/\/www.corumbaonline.com.br\/news\/wp-json\/wp\/v2\/tags?post=11138"}],"curies":[{"name":"wp","href":"https:\/\/api.w.org\/{rel}","templated":true}]}}