{"id":11146,"date":"2017-11-14T16:20:20","date_gmt":"2017-11-14T19:20:20","guid":{"rendered":"http:\/\/www.corumbaonline.com.br\/news\/?p=11146"},"modified":"2017-11-14T16:56:44","modified_gmt":"2017-11-14T19:56:44","slug":"michel-temer-deve-trocar-17-ministros-diz-romero-juca","status":"publish","type":"post","link":"https:\/\/www.corumbaonline.com.br\/news\/michel-temer-deve-trocar-17-ministros-diz-romero-juca\/","title":{"rendered":"Michel Temer deve trocar 17 ministros, diz Romero Juc\u00e1"},"content":{"rendered":"<p>O l\u00edder do governo no Senado, Romero Juc\u00e1 (PMDB-RR), disse hoje (14), pelo Twitter, que o pedido de demiss\u00e3o de Bruno Ara\u00fajo do Minist\u00e9rio das Cidades acabou por \u201cprecipitar\u201d o debate sobre a reforma ministerial dentro do governo. De acordo com Juc\u00e1, o presidente Michel Temer dever\u00e1 trocar 17 dos 28 ministros.<\/p>\n<figure class=\"default\"><img loading=\"lazy\" decoding=\"async\" class=\"Image img__fid__110108 img__view_mode__default attr__format__default\" title=\"\" src=\"http:\/\/agenciabrasil.ebc.com.br\/sites\/_agenciabrasil2013\/files\/styles\/interna_pequena\/public\/fotos\/1094646-wdol_abr20171017_0195_1.jpg\" alt=\"Bras\u00edlia - Senador Romero Juc\u00e1 durante sess\u00e3o plen\u00e1ria do Senado que revogou o afastamento parlamentar de A\u00e9cio Neves, imposto pela Primeira Turma do STF (Wilson Dias\/Ag\u00eancia Brasil)\" width=\"277\" height=\"160\" \/><figcaption>Senador Romero Juc\u00e1 disse, pelo Twitter, que o presidente Michel Temer trocar\u00e1 17 ministros<span class=\"author\">Wilson Dias\/Ag\u00eancia Brasil<\/span><\/p>\n<\/figcaption><\/figure>\n<p>\u201cA sa\u00edda do ministro da Cidades precipita a discuss\u00e3o da reforma ministerial, tendo em vista que h\u00e1 minist\u00e9rio vago. Temer est\u00e1 avaliando e discutindo como vai fazer. Ser\u00e1 uma reforma ampla, 17 minist\u00e9rios vagos no prazo que o presidente determinar. Ele quem vai definir o ritmo\u201d, publicou o senador em sua conta no Twitter.<\/p>\n<p><strong>Sa\u00edda\u00a0<\/strong><\/p>\n<p>O ministro das Cidades, Bruno Ara\u00fajo, entregou o cargo hoje (13) ao presidente Michel Temer. Em carta entregue ao presidente, Ara\u00fajo agradece a confian\u00e7a durante seu per\u00edodo \u00e0 frente da pasta e diz que n\u00e3o h\u00e1 mais apoio dentro do seu partido, o PSDB, para se manter no cargo. \u201cAgrade\u00e7o a confian\u00e7a do meu partido, no qual exerci toda a minha vida p\u00fablica, e j\u00e1 n\u00e3o h\u00e1 mais nele apoio no tamanho que permita seguir essa tarefa\u201d, afirmou.<\/p>\n<p>No documento, Ara\u00fajo elenca algumas a\u00e7\u00f5es do minist\u00e9rio durante sua gest\u00e3o e encerra com um elogio ao governo Temer.<\/p>\n<p>\u201cTenho a convic\u00e7\u00e3o, Sr. Presidente, que a serenidade da hist\u00f3ria vai reconhecer no seu governo resultados profundamente positivos para a sociedade brasileira. Receba minha exonera\u00e7\u00e3o e meus agradecimentos\u201d, finalizou Ara\u00fajo, na carta, cuja autenticidade foi confirmada por sua assessoria.<\/p>\n<p>Ara\u00fajo \u00e9 deputado federal pelo PSDB de Pernambuco e assumiu o minist\u00e9rio em maio do ano passado. Ele participou da cria\u00e7\u00e3o de programas como o Avan\u00e7ar e o Cart\u00e3o Reforma.<\/p>\n","protected":false},"excerpt":{"rendered":"<p>O l\u00edder do governo no Senado, Romero Juc\u00e1 (PMDB-RR), disse hoje (14), pelo Twitter, que&#8230;<\/p>\n","protected":false},"author":1,"featured_media":0,"comment_status":"closed","ping_status":"closed","sticky":false,"template":"","format":"standard","meta":{"footnotes":""},"categories":[19],"tags":[],"class_list":["post-11146","post","type-post","status-publish","format-standard","hentry","category-politica"],"_links":{"self":[{"href":"https:\/\/www.corumbaonline.com.br\/news\/wp-json\/wp\/v2\/posts\/11146","targetHints":{"allow":["GET"]}}],"collection":[{"href":"https:\/\/www.corumbaonline.com.br\/news\/wp-json\/wp\/v2\/posts"}],"about":[{"href":"https:\/\/www.corumbaonline.com.br\/news\/wp-json\/wp\/v2\/types\/post"}],"author":[{"embeddable":true,"href":"https:\/\/www.corumbaonline.com.br\/news\/wp-json\/wp\/v2\/users\/1"}],"replies":[{"embeddable":true,"href":"https:\/\/www.corumbaonline.com.br\/news\/wp-json\/wp\/v2\/comments?post=11146"}],"version-history":[{"count":1,"href":"https:\/\/www.corumbaonline.com.br\/news\/wp-json\/wp\/v2\/posts\/11146\/revisions"}],"predecessor-version":[{"id":11147,"href":"https:\/\/www.corumbaonline.com.br\/news\/wp-json\/wp\/v2\/posts\/11146\/revisions\/11147"}],"wp:attachment":[{"href":"https:\/\/www.corumbaonline.com.br\/news\/wp-json\/wp\/v2\/media?parent=11146"}],"wp:term":[{"taxonomy":"category","embeddable":true,"href":"https:\/\/www.corumbaonline.com.br\/news\/wp-json\/wp\/v2\/categories?post=11146"},{"taxonomy":"post_tag","embeddable":true,"href":"https:\/\/www.corumbaonline.com.br\/news\/wp-json\/wp\/v2\/tags?post=11146"}],"curies":[{"name":"wp","href":"https:\/\/api.w.org\/{rel}","templated":true}]}}