{"id":11149,"date":"2017-11-15T17:05:15","date_gmt":"2017-11-15T20:05:15","guid":{"rendered":"http:\/\/www.corumbaonline.com.br\/news\/?p=11149"},"modified":"2017-11-15T17:17:19","modified_gmt":"2017-11-15T20:17:19","slug":"apos-20hs-no-presidio-puccinelli-e-filho-saem-pela-garagem-e-vao-para-casa","status":"publish","type":"post","link":"https:\/\/www.corumbaonline.com.br\/news\/apos-20hs-no-presidio-puccinelli-e-filho-saem-pela-garagem-e-vao-para-casa\/","title":{"rendered":"Ap\u00f3s 20hs no pres\u00eddio, Puccinelli e filho saem pela garagem e v\u00e3o para casa"},"content":{"rendered":"<p>O ex-governador Andr\u00e9 Puccinelli (PMDB) e o filho, professor e doutor em Direito Andr\u00e9 Puccinelli J\u00fanior deixaram o Centro de Triagem de Campo Grande nesta quarta-feira (15), por volta das 16hs, menos de 24hs ap\u00f3s a chegada ao local.<\/p>\n<p>A Agepen (Ag\u00eancia Estadual de Administra\u00e7\u00e3o do Sistema Penitenci\u00e1rio) permitiu que o advogado dos Puccinelli entrasse com o ve\u00edculo, por uma garagem, no pres\u00eddio. Quando o port\u00e3o foi aberto, pai e filho j\u00e1 estavam dentro do carro e n\u00e3o deram declara\u00e7\u00f5es.<\/p>\n<p>Andr\u00e9, o pai, estava no banco de tr\u00e1s, e o filho saiu no banco da frente, ao lado do motorista, lendo um documento. Os dois foram presos ontem, ter\u00e7a-feira (14), no come\u00e7o da manh\u00e3, no \u00e2mbito da Opera\u00e7\u00e3o Papiros de Lama, 5\u00ba fase da Lama Asf\u00e1ltica.<\/p>\n<p>Ambos ficaram presos por cerca de 34 horas e, no Centro de Triagem, dividiram a cela especial da unidade com mais 20 detentos. O advogado Jo\u00e3o Vicente Freitas Barros disse que os Puccinelli precisar\u00e3o entregar os passaportes e n\u00e3o poder\u00e3o deixar a Capital por mais de 15 dias sem autoriza\u00e7\u00e3o da Justi\u00e7a.<\/p>\n<p>A oficial de justi\u00e7a que levou o alvar\u00e1 de soltura do ex-governador e do filho chegou ao Centro de Triagem por volta das 12h15 desta quarta-feira (15), feriado da Proclama\u00e7\u00e3o da Rep\u00fablica, mas por problemas no portal do CNJ (Conselho Nacional de Justi\u00e7a) a soltura aconteceu somente \u00e0s 16h.<\/p>\n<p>No local, tr\u00eas advogados aguardavam a libera\u00e7\u00e3o dos dois. O desembargador federal Paulo Fontes, do TRF3 (Tribunal Regional Federal) da 3\u00aa Regi\u00e3o, que fica em S\u00e3o Paulo, acatou o pedido de habeas corpus ingressado no in\u00edcio da tarde desta ter\u00e7a-feira (14) pelo advogado Ant\u00f4nio Cl\u00e1udio Mariz de Oliveira para soltar os dois.<\/p>\n<p>De acordo com o desembargador, em entrevista exclusiva ao\u00a0<strong>Jornal Midiamax<\/strong>, as medias foram tomadas porque, para o magistrado, n\u00e3o h\u00e1 a contemporaneidade vislumbrada pela Pol\u00edcia Federal nos supostos recebimentos de propina, relatados pelo pecuarista Ivanildo Miranda, na dela\u00e7\u00e3o premiada.<\/p>\n<p>\u201cOs principais fatos datam de 2006 a 2013, ou seja, n\u00e3o h\u00e1 contemporaneidade. \u00c9 a mesma situa\u00e7\u00e3o de maio, quando o ex-governador pediu habeas corpus para finalizar o uso da tornozeleira\u201d, disse o magistrado.<\/p>\n<p>Entretanto, Fontes diz que Puccinelli e o filho devem comparecer em ju\u00edzo, entregar os passaportes e est\u00e3o proibidos de deixarem o pa\u00eds.<\/p>\n<h3>Papiros de Lama<\/h3>\n<p>A Pol\u00edcia Federal, a Controladoria Geral da Uni\u00e3o e a Receita Federal deflagraram na ter\u00e7a-feira (14) a quinta fase da Opera\u00e7\u00e3o Lama Asf\u00e1ltica, nomeada de Papiros de Lama por conta da compra de material jur\u00eddico, sem justificativa plaus\u00edvel, por parte de empresa concession\u00e1ria de servi\u00e7o p\u00fablico e direcionamento dos lucros por um dos membros do que foi chamado de \u2018organiza\u00e7\u00e3o criminosa\u2019 pelas investiga\u00e7\u00f5es.<\/p>\n<p>Ao todo, teriam sido desviados mais de R$ 235 milh\u00f5es. Foram cumpridos dois mandados de pris\u00e3o preventiva, de Puccinelli e o filho, dois mandados de pris\u00e3o tempor\u00e1ria, Jo\u00e3o Paulo Calves e Jodascil Gon\u00e7alves Lopes, seis mandados de condu\u00e7\u00e3o coercitiva, de Andr\u00e9 Luiz Cance ex-secret\u00e1rio de Estado de Fazenda, os empres\u00e1rios Jo\u00e3o Amorim e Jo\u00e3o Baird, o dono da gr\u00e1fica Alvorada Mirched Jafar J\u00fanior, dono da PSG Ant\u00f4nio Cortez e o engenheiro Jo\u00e3o Maur\u00edcio Cance e 24 mandados de busca e apreens\u00e3o, al\u00e9m do sequestro de valores nas contas banc\u00e1rias de pessoas f\u00edsicas e empresas investigadas.<\/p>\n<p>As medidas est\u00e3o sendo cumpridas em Campo Grande\/MS, Nioaque\/MS, Aquidauana\/MS e S\u00e3o Paulo\/SP, com a participa\u00e7\u00e3o de mais de 300 Policiais Federais, servidores da CGU e servidores da Receita Federal.<\/p>\n<p>A opera\u00e7\u00e3o teve como objetivo desbaratar Organiza\u00e7\u00e3o Criminosa que desviou recursos p\u00fablicos por meio do direcionamento de licita\u00e7\u00f5es p\u00fablicas, superfaturamento de obras p\u00fablicas, aquisi\u00e7\u00e3o fict\u00edcia ou il\u00edcita de produtos, financiamento de atividades privadas sem rela\u00e7\u00e3o com a atividade-fim de empresas estatais, concess\u00e3o de cr\u00e9ditos tribut\u00e1rios com vistas ao recebimento de propina e corrup\u00e7\u00e3o de agentes p\u00fablicos.<\/p>\n<p>Os recursos desviados passaram por processos elaborados de oculta\u00e7\u00e3o da origem, resultando na configura\u00e7\u00e3o do delito de lavagem de dinheiro, segundo a Pol\u00edcia.<\/p>\n","protected":false},"excerpt":{"rendered":"<p>O ex-governador Andr\u00e9 Puccinelli (PMDB) e o filho, professor e doutor em Direito Andr\u00e9 Puccinelli&#8230;<\/p>\n","protected":false},"author":1,"featured_media":11150,"comment_status":"closed","ping_status":"closed","sticky":false,"template":"","format":"standard","meta":{"footnotes":""},"categories":[19],"tags":[],"class_list":["post-11149","post","type-post","status-publish","format-standard","has-post-thumbnail","hentry","category-politica"],"_links":{"self":[{"href":"https:\/\/www.corumbaonline.com.br\/news\/wp-json\/wp\/v2\/posts\/11149","targetHints":{"allow":["GET"]}}],"collection":[{"href":"https:\/\/www.corumbaonline.com.br\/news\/wp-json\/wp\/v2\/posts"}],"about":[{"href":"https:\/\/www.corumbaonline.com.br\/news\/wp-json\/wp\/v2\/types\/post"}],"author":[{"embeddable":true,"href":"https:\/\/www.corumbaonline.com.br\/news\/wp-json\/wp\/v2\/users\/1"}],"replies":[{"embeddable":true,"href":"https:\/\/www.corumbaonline.com.br\/news\/wp-json\/wp\/v2\/comments?post=11149"}],"version-history":[{"count":1,"href":"https:\/\/www.corumbaonline.com.br\/news\/wp-json\/wp\/v2\/posts\/11149\/revisions"}],"predecessor-version":[{"id":11151,"href":"https:\/\/www.corumbaonline.com.br\/news\/wp-json\/wp\/v2\/posts\/11149\/revisions\/11151"}],"wp:featuredmedia":[{"embeddable":true,"href":"https:\/\/www.corumbaonline.com.br\/news\/wp-json\/wp\/v2\/media\/11150"}],"wp:attachment":[{"href":"https:\/\/www.corumbaonline.com.br\/news\/wp-json\/wp\/v2\/media?parent=11149"}],"wp:term":[{"taxonomy":"category","embeddable":true,"href":"https:\/\/www.corumbaonline.com.br\/news\/wp-json\/wp\/v2\/categories?post=11149"},{"taxonomy":"post_tag","embeddable":true,"href":"https:\/\/www.corumbaonline.com.br\/news\/wp-json\/wp\/v2\/tags?post=11149"}],"curies":[{"name":"wp","href":"https:\/\/api.w.org\/{rel}","templated":true}]}}