{"id":11154,"date":"2017-11-15T17:35:33","date_gmt":"2017-11-15T20:35:33","guid":{"rendered":"http:\/\/www.corumbaonline.com.br\/news\/?p=11154"},"modified":"2017-11-15T18:04:09","modified_gmt":"2017-11-15T21:04:09","slug":"marun-canta-e-danca-em-comemoracao-a-saida-de-puccinelli-da-prisao","status":"publish","type":"post","link":"https:\/\/www.corumbaonline.com.br\/news\/marun-canta-e-danca-em-comemoracao-a-saida-de-puccinelli-da-prisao\/","title":{"rendered":"Marun canta e dan\u00e7a em comemora\u00e7\u00e3o \u00e0 sa\u00edda de Puccinelli da pris\u00e3o"},"content":{"rendered":"<p>O deputado federal Carlos Marun (PMDB-MS) cantou em comemora\u00e7\u00e3o \u00e0 decis\u00e3o do TRF-3 (Tribunal Regional Federal da 3\u00aa Regi\u00e3o) de soltar o ex-governador Andr\u00e9 Puccinelli.<\/p>\n<p>\u201cAchei a m\u00fasica que vou cantar e dan\u00e7ar: \u2018ele voltou, agora \u00e9 pra ficar, porque aqui \u00e9 seu lugar\u2019. (Riso) Andr\u00e9 governador!\u201d.<\/p>\n<p>Marun confirmou a autoria do \u00e1udio que circula nas redes sociais e explicou o motivo da comemora\u00e7\u00e3o.<\/p>\n<p>\u201cEu tenho esse costume de extravasar nesses momentos de alegria. Eu estava certo de que ele seria solto, mas imaginava que seria amanh\u00e3. A rapidez do desembargador mostra como a decis\u00e3o da pris\u00e3o era um absurdo\u201d, explicou o deputado.<\/p>\n<p>O parlamentar explicou ainda que o \u00e1udio foi enviado para um grupo de amigos, mas acabou &#8220;vazando&#8221;.<\/p>\n<p>A cantoria de Marun j\u00e1 gerou pol\u00eamica com o m\u00fasico Benito Di Paula. Vice-l\u00edder do PMDB e integrante da tropa de choque de Temer, Marun cantou \u201cTudo Est\u00e1 No Seu Lugar\u201d, no m\u00eas passado, em comemora\u00e7\u00e3o ao arquivamento da segunda den\u00fancia contra o presidente.\u00a0<a href=\"http:\/\/www.midiamax.com.br\/politica\/benito-di-paula-desabafo-sobre-cantoria-marun-357513\">O cantor n\u00e3o gostou e gravou um desabafo.<\/a><\/p>\n<p>O desembargador federal Paulo Fontes, do TRF3 (Tribunal Regional Federal), acatou o pedido de habeas corpus ingressado no in\u00edcio da tarde desta ter\u00e7a-feira (14) pelo advogado Antonio Mariz e o ex-governador Andr\u00e9 Puccinelli e o filho ser\u00e3o soltos ainda nesta quarta-feira (15).<\/p>\n","protected":false},"excerpt":{"rendered":"<p>O deputado federal Carlos Marun (PMDB-MS) cantou em comemora\u00e7\u00e3o \u00e0 decis\u00e3o do TRF-3 (Tribunal Regional&#8230;<\/p>\n","protected":false},"author":1,"featured_media":0,"comment_status":"closed","ping_status":"closed","sticky":false,"template":"","format":"standard","meta":{"footnotes":""},"categories":[19],"tags":[],"class_list":["post-11154","post","type-post","status-publish","format-standard","hentry","category-politica"],"_links":{"self":[{"href":"https:\/\/www.corumbaonline.com.br\/news\/wp-json\/wp\/v2\/posts\/11154","targetHints":{"allow":["GET"]}}],"collection":[{"href":"https:\/\/www.corumbaonline.com.br\/news\/wp-json\/wp\/v2\/posts"}],"about":[{"href":"https:\/\/www.corumbaonline.com.br\/news\/wp-json\/wp\/v2\/types\/post"}],"author":[{"embeddable":true,"href":"https:\/\/www.corumbaonline.com.br\/news\/wp-json\/wp\/v2\/users\/1"}],"replies":[{"embeddable":true,"href":"https:\/\/www.corumbaonline.com.br\/news\/wp-json\/wp\/v2\/comments?post=11154"}],"version-history":[{"count":1,"href":"https:\/\/www.corumbaonline.com.br\/news\/wp-json\/wp\/v2\/posts\/11154\/revisions"}],"predecessor-version":[{"id":11155,"href":"https:\/\/www.corumbaonline.com.br\/news\/wp-json\/wp\/v2\/posts\/11154\/revisions\/11155"}],"wp:attachment":[{"href":"https:\/\/www.corumbaonline.com.br\/news\/wp-json\/wp\/v2\/media?parent=11154"}],"wp:term":[{"taxonomy":"category","embeddable":true,"href":"https:\/\/www.corumbaonline.com.br\/news\/wp-json\/wp\/v2\/categories?post=11154"},{"taxonomy":"post_tag","embeddable":true,"href":"https:\/\/www.corumbaonline.com.br\/news\/wp-json\/wp\/v2\/tags?post=11154"}],"curies":[{"name":"wp","href":"https:\/\/api.w.org\/{rel}","templated":true}]}}