{"id":11162,"date":"2017-11-16T08:49:58","date_gmt":"2017-11-16T11:49:58","guid":{"rendered":"http:\/\/www.corumbaonline.com.br\/news\/?p=11162"},"modified":"2017-11-16T09:09:46","modified_gmt":"2017-11-16T12:09:46","slug":"em-corumba-vereador-reforca-necessidade-de-maior-efetivo-policial","status":"publish","type":"post","link":"https:\/\/www.corumbaonline.com.br\/news\/em-corumba-vereador-reforca-necessidade-de-maior-efetivo-policial\/","title":{"rendered":"Em Corumb\u00e1, vereador refor\u00e7a necessidade de maior efetivo policial"},"content":{"rendered":"<p>O crescente \u00edndice de viol\u00eancia na regi\u00e3o e os crimes praticados contra a contra a natureza, est\u00e3o preocupando o vereador Paulo Bertini (PSB) que, durante sess\u00e3o na C\u00e2mara de Vereadores, refor\u00e7ou um pedido junto ao governador Reinaldo Azambuja, para aumentar o efetivo das pol\u00edcias militar e ambiental em Corumb\u00e1.<\/p>\n<p>A solicita\u00e7\u00e3o foi feita durante sess\u00e3o ordin\u00e1ria da C\u00e2mara e estendida ao secret\u00e1rio de Justi\u00e7a e Seguran\u00e7a P\u00fablica, Jos\u00e9 Carlos Barbosa; ao prefeito Marcelo Iunes, e ao assessor da Casa Civil, Sammer Abdallah.<\/p>\n<p>\u201cPrecisamos buscar uma solu\u00e7\u00e3o para os problemas relacionados com a seguran\u00e7a p\u00fablica em nossa cidade, como tamb\u00e9m com os crimes praticados contra o meio ambiente. Isso passa especialmente pelo aumento do efetivo policial\u201d, ressaltou, lembrando que \u201cCorumb\u00e1 e Lad\u00e1rio contam com um Batalh\u00e3o de Pol\u00edcia Militar, que presta relevantes servi\u00e7os a nossa popula\u00e7\u00e3o, com aproximadamente 170 policiais lotados, mas \u00e9 preciso mais\u201d, e que o mesmo ocorre com a Pol\u00edcia Militar Ambiental.<\/p>\n<p>Bertini salienta que o Batalh\u00e3o tem em seus quadros funcionais, um dos mais antigos contingentes do estado, onde 20% do seu efetivo dever\u00e1 aposentar-se at\u00e9 o pr\u00f3ximo ano; outros 3% permanecem constantemente licenciados, para fins de tratamento de sa\u00fade, e 25% do referido efetivo, est\u00e1 lotado na cidade de Lad\u00e1rio e destacado nos pres\u00eddios locais, atuando tamb\u00e9m nos servi\u00e7os de escoltas.<\/p>\n<p>Al\u00e9m do aumento do efetivo do Batalh\u00e3o, o vereador ressalta que o mesmo problema se estende \u00e0 Pol\u00edcia Militar Ambiental, respons\u00e1vel pelas a\u00e7\u00f5es de prote\u00e7\u00e3o do meio ambiente. \u201cA Pol\u00edcia Ambiental em Corumb\u00e1 se encontra em situa\u00e7\u00e3o calamitosa. \u00c9 preciso uma melhor estrutura para atuar na regi\u00e3o do Pantanal corumbaense que possui 64.960,863 km\u00b2, abrangendo 60% do Pantanal sul-mato-grossense, 37% do Pantanal Brasileiro e 30% do Pantanal sul-americano\u201d.<\/p>\n<p>\u201cAl\u00e9m da possibilidade de ocorr\u00eancia de crimes ambientais, tamb\u00e9m h\u00e1 registros de outros tipos de crimes que, por ser uma \u00e1rea de dif\u00edcil acesso, o atendimento \u00e9 realizado por guarni\u00e7\u00f5es da Policia Militar Ambiental. No entanto, esta guarni\u00e7\u00e3o conta com um efetivo reduzido, sem condi\u00e7\u00f5es de atender outras demandas\u201d, explicou.<\/p>\n<p>O vereador se refere ao fato de que os policiais ambientais exercerem atribui\u00e7\u00f5es nas \u00e1reas de fiscaliza\u00e7\u00e3o e controle das atividades ligadas ao meio ambiente, e ainda prestam apoio as comunidades ind\u00edgenas e tradicionais, aos \u00f3rg\u00e3os e entidades do p\u00fablico e do privado local, e ainda executam programas de educa\u00e7\u00e3o ambiental para crian\u00e7as, adolescentes, jovens e adultos.<\/p>\n<p>Corumb\u00e1 conta com cinco postos avan\u00e7ados de Policia Militar Ambiental (Porto da Manga; Comunidade de Albuquerque; S\u00e3o Miguel \u2013 Rio Taquari; Acurizal e Porto Jofre), m as todos est\u00e3o desativados e em prec\u00e1ria situa\u00e7\u00e3o. H\u00e1 tamb\u00e9m um destacamento no Buraco das Piranhas ainda em funcionamento, mas com apenas um policial guarnecendo a estrutura f\u00edsica.<\/p>\n<p>\u201cNesse sentido \u00e9 poss\u00edvel afirmar que Corumb\u00e1 conta efetivamente, com um total aproximado de 90 policiais militares e 18 policiais militares ambientais. S\u00e3o her\u00f3is que desempenham com bravura, de forma \u00e1rdua e eficiente as miss\u00f5es de preserva\u00e7\u00e3o da ordem p\u00fablica, fiscaliza\u00e7\u00e3o e o policiamento ostensivo, nesta que \u00e9 a 11\u00ba maior cidade do Brasil em extens\u00e3o territorial (a maior fora da regi\u00e3o norte) e consequentemente, a maior do Mato Grosso do Sul e do Centro Oeste brasileiro, al\u00e9m de ser o quinto munic\u00edpio fronteiri\u00e7o mais populoso do Brasil, e a quarta cidade mais populosa de Mato Grosso do Sul, continuou.<\/p>\n<p>\u201cPor isso mesmo necessitamos com urg\u00eancia o aumento do contingente policial, uma vez que os n\u00fameros de ocorr\u00eancias aumentam, refletindo em inseguran\u00e7a ao povo que necessita da interven\u00e7\u00e3o do Estado, de forma a ter reestabelecido o direito \u00e0 uma sociedade segura e um meio ambiente ecologicamente protegido\u201d, completou.<\/p>\n<p>Durante a apresenta\u00e7\u00e3o do requerimento, o vereador Bira (PSDB), apoiou a reivindica\u00e7\u00e3o de Bertini e lembrou que, dias atr\u00e1s, em Campo Grande, esteve com o secret\u00e1rio Barbosa, juntamente com o assessor do governador Azambuja, Sammer Abdallah, oportunidade m que tratou do assunto. \u201cO secret\u00e1rio demonstrou preocupa\u00e7\u00e3o e que vai se empenhar no sentido de que tenhamos mais policiais combatendo a criminalidade em nossa regi\u00e3o\u201d, revelou.<\/p>\n","protected":false},"excerpt":{"rendered":"<p>O crescente \u00edndice de viol\u00eancia na regi\u00e3o e os crimes praticados contra a contra a&#8230;<\/p>\n","protected":false},"author":1,"featured_media":11163,"comment_status":"closed","ping_status":"closed","sticky":false,"template":"","format":"standard","meta":{"footnotes":""},"categories":[8,19,18],"tags":[],"class_list":["post-11162","post","type-post","status-publish","format-standard","has-post-thumbnail","hentry","category-destaque","category-politica","category-seguranca"],"_links":{"self":[{"href":"https:\/\/www.corumbaonline.com.br\/news\/wp-json\/wp\/v2\/posts\/11162","targetHints":{"allow":["GET"]}}],"collection":[{"href":"https:\/\/www.corumbaonline.com.br\/news\/wp-json\/wp\/v2\/posts"}],"about":[{"href":"https:\/\/www.corumbaonline.com.br\/news\/wp-json\/wp\/v2\/types\/post"}],"author":[{"embeddable":true,"href":"https:\/\/www.corumbaonline.com.br\/news\/wp-json\/wp\/v2\/users\/1"}],"replies":[{"embeddable":true,"href":"https:\/\/www.corumbaonline.com.br\/news\/wp-json\/wp\/v2\/comments?post=11162"}],"version-history":[{"count":1,"href":"https:\/\/www.corumbaonline.com.br\/news\/wp-json\/wp\/v2\/posts\/11162\/revisions"}],"predecessor-version":[{"id":11164,"href":"https:\/\/www.corumbaonline.com.br\/news\/wp-json\/wp\/v2\/posts\/11162\/revisions\/11164"}],"wp:featuredmedia":[{"embeddable":true,"href":"https:\/\/www.corumbaonline.com.br\/news\/wp-json\/wp\/v2\/media\/11163"}],"wp:attachment":[{"href":"https:\/\/www.corumbaonline.com.br\/news\/wp-json\/wp\/v2\/media?parent=11162"}],"wp:term":[{"taxonomy":"category","embeddable":true,"href":"https:\/\/www.corumbaonline.com.br\/news\/wp-json\/wp\/v2\/categories?post=11162"},{"taxonomy":"post_tag","embeddable":true,"href":"https:\/\/www.corumbaonline.com.br\/news\/wp-json\/wp\/v2\/tags?post=11162"}],"curies":[{"name":"wp","href":"https:\/\/api.w.org\/{rel}","templated":true}]}}