{"id":11165,"date":"2017-11-16T08:57:11","date_gmt":"2017-11-16T11:57:11","guid":{"rendered":"http:\/\/www.corumbaonline.com.br\/news\/?p=11165"},"modified":"2017-11-16T09:12:45","modified_gmt":"2017-11-16T12:12:45","slug":"alms-ato-da-mesa-diretora-altera-o-horario-de-funcionamento-da-casa-de-leis","status":"publish","type":"post","link":"https:\/\/www.corumbaonline.com.br\/news\/alms-ato-da-mesa-diretora-altera-o-horario-de-funcionamento-da-casa-de-leis\/","title":{"rendered":"ALMS: Ato da Mesa Diretora altera o hor\u00e1rio de funcionamento da Casa de Leis"},"content":{"rendered":"<p>O\u00a0<a href=\"http:\/\/diariooficial.al.ms.gov.br\/DiarioOficial\/DownloadPdf?q=JzTEsWb7sTA=\" target=\"_blank\" rel=\"noopener noreferrer\"><ins>Ato 083\/2017<\/ins><\/a>, da Mesa Diretora, publicado nesta quinta-feira (16\/11), no Di\u00e1rio Oficial Eletr\u00f4nico da Assembleia Legislativa de Mato Grosso do Sul, disp\u00f5e sobre a altera\u00e7\u00e3o do hor\u00e1rio de funcionamento do Poder Legislativo, e d\u00e1 outras provid\u00eancias.<\/p>\n<p>Considerando a necessidade de executar a reforma das instala\u00e7\u00f5es do pr\u00e9dio da Casa de Leis, o hor\u00e1rio foi alterado devido ao risco de haver pessoas trabalhando no local ao retirar o sistema el\u00e9trico, o cabeamento de inform\u00e1tica e a substitui\u00e7\u00e3o total do forro.<\/p>\n<p>O hor\u00e1rio de expediente passa\u00a0a ser das 7h30 \u00e0s 13h30, ressalvados os servi\u00e7os que por sua natureza tenham continuidade no per\u00edodo vespertino. A jornada fica estabelecida em 30 horas semanais, sendo 6 horas di\u00e1rias ininterruptas. O Ato entra em vigor a partir de hoje (16).<\/p>\n","protected":false},"excerpt":{"rendered":"<p>O\u00a0Ato 083\/2017, da Mesa Diretora, publicado nesta quinta-feira (16\/11), no Di\u00e1rio Oficial Eletr\u00f4nico da Assembleia&#8230;<\/p>\n","protected":false},"author":1,"featured_media":0,"comment_status":"closed","ping_status":"closed","sticky":false,"template":"","format":"standard","meta":{"footnotes":""},"categories":[19],"tags":[],"class_list":["post-11165","post","type-post","status-publish","format-standard","hentry","category-politica"],"_links":{"self":[{"href":"https:\/\/www.corumbaonline.com.br\/news\/wp-json\/wp\/v2\/posts\/11165","targetHints":{"allow":["GET"]}}],"collection":[{"href":"https:\/\/www.corumbaonline.com.br\/news\/wp-json\/wp\/v2\/posts"}],"about":[{"href":"https:\/\/www.corumbaonline.com.br\/news\/wp-json\/wp\/v2\/types\/post"}],"author":[{"embeddable":true,"href":"https:\/\/www.corumbaonline.com.br\/news\/wp-json\/wp\/v2\/users\/1"}],"replies":[{"embeddable":true,"href":"https:\/\/www.corumbaonline.com.br\/news\/wp-json\/wp\/v2\/comments?post=11165"}],"version-history":[{"count":1,"href":"https:\/\/www.corumbaonline.com.br\/news\/wp-json\/wp\/v2\/posts\/11165\/revisions"}],"predecessor-version":[{"id":11166,"href":"https:\/\/www.corumbaonline.com.br\/news\/wp-json\/wp\/v2\/posts\/11165\/revisions\/11166"}],"wp:attachment":[{"href":"https:\/\/www.corumbaonline.com.br\/news\/wp-json\/wp\/v2\/media?parent=11165"}],"wp:term":[{"taxonomy":"category","embeddable":true,"href":"https:\/\/www.corumbaonline.com.br\/news\/wp-json\/wp\/v2\/categories?post=11165"},{"taxonomy":"post_tag","embeddable":true,"href":"https:\/\/www.corumbaonline.com.br\/news\/wp-json\/wp\/v2\/tags?post=11165"}],"curies":[{"name":"wp","href":"https:\/\/api.w.org\/{rel}","templated":true}]}}