{"id":11186,"date":"2017-11-16T15:16:29","date_gmt":"2017-11-16T18:16:29","guid":{"rendered":"http:\/\/www.corumbaonline.com.br\/news\/?p=11186"},"modified":"2017-11-16T14:57:46","modified_gmt":"2017-11-16T17:57:46","slug":"trf2-determina-prisao-de-presidente-da-alerj-e-dois-deputados","status":"publish","type":"post","link":"https:\/\/www.corumbaonline.com.br\/news\/trf2-determina-prisao-de-presidente-da-alerj-e-dois-deputados\/","title":{"rendered":"TRF2 determina pris\u00e3o de presidente da Alerj e dois deputados"},"content":{"rendered":"<p>O Tribunal Regional Federal da 2\u00aa Regi\u00e3o\u00a0 (TRF2) determinou, por unanimidade, a pris\u00e3o preventiva do presidente da Assembleia Legislativa do Rio de Janeiro (Alerj), Jorge Picciani, e dos deputados estaduais Paulo Melo e Edson Albertassi, todos do PMDB. A determina\u00e7\u00e3o segue agora para a Alerj, que votar\u00e1 se aceita a medida ou a rejeita.<\/p>\n<p>Os parlamentares foram indiciados na Opera\u00e7\u00e3o Cadeia Velha, deflagrada na ter\u00e7a-feira (14) pelo Minist\u00e9rio P\u00fablico Federal (MPF) e a Pol\u00edcia Federal (PF). A opera\u00e7\u00e3o investiga o uso dos cargos p\u00fablicos para corrup\u00e7\u00e3o, lavagem de dinheiro e evas\u00e3o de divisas, em combina\u00e7\u00e3o com as empresas de \u00f4nibus.<\/p>\n<p>Votaram com o relator, desembargador Abel Gomes, os desembargadores Messodi Azulay, Paulo Esp\u00edrito Santo, Marcelo Granado. O presidente da 1\u00aa Turma, desembargador Ivan Athi\u00e9, que n\u00e3o seria obrigado a votar, tamb\u00e9m acompanhou o voto, fechando a quest\u00e3o por 5 votos a favor da pris\u00e3o e o afastamento dos deputados de seus cargos.<\/p>\n","protected":false},"excerpt":{"rendered":"<p>O Tribunal Regional Federal da 2\u00aa Regi\u00e3o\u00a0 (TRF2) determinou, por unanimidade, a pris\u00e3o preventiva do&#8230;<\/p>\n","protected":false},"author":1,"featured_media":0,"comment_status":"closed","ping_status":"closed","sticky":false,"template":"","format":"standard","meta":{"footnotes":""},"categories":[19],"tags":[],"class_list":["post-11186","post","type-post","status-publish","format-standard","hentry","category-politica"],"_links":{"self":[{"href":"https:\/\/www.corumbaonline.com.br\/news\/wp-json\/wp\/v2\/posts\/11186","targetHints":{"allow":["GET"]}}],"collection":[{"href":"https:\/\/www.corumbaonline.com.br\/news\/wp-json\/wp\/v2\/posts"}],"about":[{"href":"https:\/\/www.corumbaonline.com.br\/news\/wp-json\/wp\/v2\/types\/post"}],"author":[{"embeddable":true,"href":"https:\/\/www.corumbaonline.com.br\/news\/wp-json\/wp\/v2\/users\/1"}],"replies":[{"embeddable":true,"href":"https:\/\/www.corumbaonline.com.br\/news\/wp-json\/wp\/v2\/comments?post=11186"}],"version-history":[{"count":1,"href":"https:\/\/www.corumbaonline.com.br\/news\/wp-json\/wp\/v2\/posts\/11186\/revisions"}],"predecessor-version":[{"id":11187,"href":"https:\/\/www.corumbaonline.com.br\/news\/wp-json\/wp\/v2\/posts\/11186\/revisions\/11187"}],"wp:attachment":[{"href":"https:\/\/www.corumbaonline.com.br\/news\/wp-json\/wp\/v2\/media?parent=11186"}],"wp:term":[{"taxonomy":"category","embeddable":true,"href":"https:\/\/www.corumbaonline.com.br\/news\/wp-json\/wp\/v2\/categories?post=11186"},{"taxonomy":"post_tag","embeddable":true,"href":"https:\/\/www.corumbaonline.com.br\/news\/wp-json\/wp\/v2\/tags?post=11186"}],"curies":[{"name":"wp","href":"https:\/\/api.w.org\/{rel}","templated":true}]}}