{"id":11372,"date":"2017-11-22T14:45:54","date_gmt":"2017-11-22T17:45:54","guid":{"rendered":"http:\/\/www.corumbaonline.com.br\/news\/?p=11372"},"modified":"2017-11-22T11:32:20","modified_gmt":"2017-11-22T14:32:20","slug":"divulgacao-do-rally-dos-sertoes-na-midia-e-redes-sociais-beneficia-turismo-de-ms","status":"publish","type":"post","link":"https:\/\/www.corumbaonline.com.br\/news\/divulgacao-do-rally-dos-sertoes-na-midia-e-redes-sociais-beneficia-turismo-de-ms\/","title":{"rendered":"Divulga\u00e7\u00e3o do Rally dos Sert\u00f5es na m\u00eddia e redes sociais beneficia turismo de MS"},"content":{"rendered":"<p>A repercuss\u00e3o do Rally dos Sert\u00f5es 2017 nas redes sociais e nas m\u00eddias tradicionais (r\u00e1dio, TVs, jornais e sites) foi apresentada pela organiza\u00e7\u00e3o da competi\u00e7\u00e3o na sexta-feira (17) em evento realizado em S\u00e3o Paulo e que reuniu jornalistas e parceiros de m\u00eddia, comerciais e institucionais.<\/p>\n<div id=\"attachment_178887\" class=\"wp-caption alignright\"><img loading=\"lazy\" decoding=\"async\" class=\"wp-image-178887 \" src=\"http:\/\/www.ms.gov.br\/wp-content\/uploads\/sites\/150\/2017\/11\/rally-publicidade-1-225x300.jpg\" alt=\"\" width=\"272\" height=\"363\" \/><\/p>\n<p class=\"wp-caption-text\"><em>O secret\u00e1rio adjunto da Semagro, Ricardo Senna, representou o Governo de MS.<\/em><\/p>\n<\/div>\n<p>Neste ano, a rota do Rally incluiu as cidades sul-mato-grossenses de Coxim, Aquidauana e Bonito. O Governo do Estado foi um dos apoiadores da maior competi\u00e7\u00e3o off road do Pa\u00eds, por meio da Secretaria de Meio Ambiente, Desenvolvimento Econ\u00f4mico, Produ\u00e7\u00e3o e Agricultura Familiar (Semagro), atrav\u00e9s da Funda\u00e7\u00e3o de Turismo de Mato Grosso do Sul (Fundtur-MS).<\/p>\n<p>O secret\u00e1rio adjunto da Semagro, Ricardo Senna, representou o Governo do Estado no evento. \u201cA experi\u00eancia de sucesso do Rally trouxe novas perspectivas para o turismo e para os pequenos neg\u00f3cios em Coxim, Aquidauana e Bonito. Al\u00e9m disso, ganhamos com a divulga\u00e7\u00e3o nas redes sociais e houve tamb\u00e9m um ganho social para a popula\u00e7\u00e3o dessas regi\u00f5es\u201d, afirmou. Em tr\u00eas dias por Mato Grosso do Sul, o Rally dos Sert\u00f5es mobilizou milhares de pessoas, injetou pelo menos R$ 15 milh\u00f5es na economia estadual e consolidou o esporte como forma de desenvolvimento e diversifica\u00e7\u00e3o da economia local.<\/p>\n<p><strong>Imprensa e redes sociais<\/strong><\/p>\n<p><img loading=\"lazy\" decoding=\"async\" class=\"size-medium wp-image-178888 alignleft\" src=\"http:\/\/www.ms.gov.br\/wp-content\/uploads\/sites\/150\/2017\/11\/rally-publicidade-2-300x225.jpg\" alt=\"\" width=\"300\" height=\"225\" \/>No per\u00edodo em que foi realizada a competi\u00e7\u00e3o, de 20 a 26 de agosto deste ano, a cobertura jornal\u00edstica contou com 161 profissionais de imprensa credenciados, que produziram 4.827 mat\u00e9rias em TVs, jornais, revistas, sites e r\u00e1dios (Fox, RedeTV, Cultura, Record, SBT, Globo, G1, Estad\u00e3o, Valor, UOL, CBN). Foram 13h de transmiss\u00e3o realizadas pelas TVs que cobriram o evento.<\/p>\n<p>Na semana da competi\u00e7\u00e3o, a fanpage oficial do Rally dos Sert\u00f5es no Facebook ganhou 35 mil novos f\u00e3s (passou dos 470 mil curtidas) e teve uma m\u00e9dia de 108 mil espectadores por dia acompanhando as postagens, com 158,9 mil rea\u00e7\u00f5es, 2.798 coment\u00e1rios, 8.420 compartilhamentos em postagens e 4,1 milh\u00f5es de pessoas alcan\u00e7adas. No Instagram, o perfil do Rally ganhou 3 mil seguidores (conta agora com 34 mil seguidores), recebeu 560 mil visualiza\u00e7\u00f5es, com uma m\u00e9dia de 758 likes, al\u00e9m de 3.661 cita\u00e7\u00f5es das hashtag #SertoesProsFortes.<img loading=\"lazy\" decoding=\"async\" class=\"size-medium wp-image-178889 alignright\" src=\"http:\/\/www.ms.gov.br\/wp-content\/uploads\/sites\/150\/2017\/11\/rally-publicidade-3-300x225.jpg\" alt=\"\" width=\"300\" height=\"225\" \/><\/p>\n<p>Em 2018, a 26\u00aa edi\u00e7\u00e3o do Rally dos Sert\u00f5es ser\u00e1 realizada de 18 a 25 de agosto de 2018 entre Goi\u00e2nia e Fortaleza, com sete etapas passando pela Bahia, Tocantins, Maranh\u00e3o e Piau\u00ed, al\u00e9m de Goi\u00e1s e Cear\u00e1. Os melhores pilotos e navegadores do Brasil percorrer\u00e3o cerca de 3.530 quil\u00f4metros, sendo 2.130 quil\u00f4metros cronometrados. O roteiro est\u00e1 90% pronto, restando apenas algumas defini\u00e7\u00f5es de log\u00edstica.<\/p>\n","protected":false},"excerpt":{"rendered":"<p>A repercuss\u00e3o do Rally dos Sert\u00f5es 2017 nas redes sociais e nas m\u00eddias tradicionais (r\u00e1dio,&#8230;<\/p>\n","protected":false},"author":1,"featured_media":0,"comment_status":"closed","ping_status":"closed","sticky":false,"template":"","format":"standard","meta":{"footnotes":""},"categories":[23],"tags":[],"class_list":["post-11372","post","type-post","status-publish","format-standard","hentry","category-turismo"],"_links":{"self":[{"href":"https:\/\/www.corumbaonline.com.br\/news\/wp-json\/wp\/v2\/posts\/11372","targetHints":{"allow":["GET"]}}],"collection":[{"href":"https:\/\/www.corumbaonline.com.br\/news\/wp-json\/wp\/v2\/posts"}],"about":[{"href":"https:\/\/www.corumbaonline.com.br\/news\/wp-json\/wp\/v2\/types\/post"}],"author":[{"embeddable":true,"href":"https:\/\/www.corumbaonline.com.br\/news\/wp-json\/wp\/v2\/users\/1"}],"replies":[{"embeddable":true,"href":"https:\/\/www.corumbaonline.com.br\/news\/wp-json\/wp\/v2\/comments?post=11372"}],"version-history":[{"count":1,"href":"https:\/\/www.corumbaonline.com.br\/news\/wp-json\/wp\/v2\/posts\/11372\/revisions"}],"predecessor-version":[{"id":11373,"href":"https:\/\/www.corumbaonline.com.br\/news\/wp-json\/wp\/v2\/posts\/11372\/revisions\/11373"}],"wp:attachment":[{"href":"https:\/\/www.corumbaonline.com.br\/news\/wp-json\/wp\/v2\/media?parent=11372"}],"wp:term":[{"taxonomy":"category","embeddable":true,"href":"https:\/\/www.corumbaonline.com.br\/news\/wp-json\/wp\/v2\/categories?post=11372"},{"taxonomy":"post_tag","embeddable":true,"href":"https:\/\/www.corumbaonline.com.br\/news\/wp-json\/wp\/v2\/tags?post=11372"}],"curies":[{"name":"wp","href":"https:\/\/api.w.org\/{rel}","templated":true}]}}