{"id":11403,"date":"2017-11-23T15:46:14","date_gmt":"2017-11-23T18:46:14","guid":{"rendered":"http:\/\/www.corumbaonline.com.br\/news\/?p=11403"},"modified":"2017-11-23T15:46:14","modified_gmt":"2017-11-23T18:46:14","slug":"no-ministerio-do-turismo-prefeito-discute-liberacao-de-verbas-para-distrito-turistico","status":"publish","type":"post","link":"https:\/\/www.corumbaonline.com.br\/news\/no-ministerio-do-turismo-prefeito-discute-liberacao-de-verbas-para-distrito-turistico\/","title":{"rendered":"No Minist\u00e9rio do Turismo, prefeito discute libera\u00e7\u00e3o de verbas para distrito tur\u00edstico"},"content":{"rendered":"<p>O prefeito Marcelo Iunes manteve nesta quinta-feira, 23 de novembro, a agenda de compromissos em Bras\u00edlia. Durante a manh\u00e3, o chefe do Executivo corumbaense se reuniu com o secret\u00e1rio executivo do Minist\u00e9rio do Turismo, Alberto Alves.<\/p>\n<p>&nbsp;<\/p>\n<p>No encontro, Iunes discutiu a viabiliza\u00e7\u00e3o de recursos para o t\u00e9rmino da constru\u00e7\u00e3o do anfiteatro e de um cinema no bloco dois (anexo) do Centro de Conven\u00e7\u00f5es Miguel Gomez. Constru\u00eddo no local onde existia um antigo armaz\u00e9m no Porto Geral, \u00e0s margens do rio Paraguai, o Centro de Conven\u00e7\u00f5es foi inaugurado em 20 de setembro de 2009.<\/p>\n<p>&nbsp;<\/p>\n<p>Tamb\u00e9m foi tema da reuni\u00e3o com o secret\u00e1rio executivo do Minist\u00e9rio do Turismo, a libera\u00e7\u00e3o de recursos para constru\u00e7\u00e3o de um terminal portu\u00e1rio de passageiros ao lado do Centro de Conven\u00e7\u00f5es, no Porto Geral. A verba \u2013 de R$ 1,5 milh\u00e3o \u2013 para o terminal foi anunciada pelo ministro do Turismo, Marx Beltr\u00e3o, durante o semin\u00e1rio \u201cTurismo no Pantanal \u2013 Perspectivas de Desenvolvimento\u201d, realizado em Corumb\u00e1 no dia 10 de agosto deste ano.<\/p>\n<p>&nbsp;<\/p>\n<p>A constru\u00e7\u00e3o do Terminal Hidrovi\u00e1rio de Embarque de Passageiros e Deck para Visita\u00e7\u00e3o Tur\u00edstica, como parte do projeto do Distrito Tur\u00edstico na Orla Portu\u00e1ria de Corumb\u00e1, integra das a\u00e7\u00f5es do Fonplata. Conta com contrapartida do Governo do Estado, inclui emenda parlamentar e recursos pr\u00f3prios do Munic\u00edpio. A bancada federal de Mato Grosso do Sul colocou 1 milh\u00e3o de reais no projeto; o Governo do Estado mais R$ 1 milh\u00e3o e o Minist\u00e9rio do Turismo mais R$ 1,5 milh\u00e3o.<\/p>\n<p>&nbsp;<\/p>\n<p>Marcelo Iunes ainda destacou a import\u00e2ncia de Corumb\u00e1 para o turismo sul-mato-grossense e nacional. Somente em 2016 o munic\u00edpio recebeu 217 mil turistas, sendo um ter\u00e7o desse total de visitantes internacionais. O turismo trouxe \u00e0 cidade cerca de R$ 320 milh\u00f5es \u2013 em 2015 \u2013, o que representa quase 5% do PIB do munic\u00edpio.<\/p>\n","protected":false},"excerpt":{"rendered":"<p>O prefeito Marcelo Iunes manteve nesta quinta-feira, 23 de novembro, a agenda de compromissos em&#8230;<\/p>\n","protected":false},"author":1,"featured_media":11404,"comment_status":"closed","ping_status":"closed","sticky":false,"template":"","format":"standard","meta":{"footnotes":""},"categories":[8,23],"tags":[],"class_list":["post-11403","post","type-post","status-publish","format-standard","has-post-thumbnail","hentry","category-destaque","category-turismo"],"_links":{"self":[{"href":"https:\/\/www.corumbaonline.com.br\/news\/wp-json\/wp\/v2\/posts\/11403","targetHints":{"allow":["GET"]}}],"collection":[{"href":"https:\/\/www.corumbaonline.com.br\/news\/wp-json\/wp\/v2\/posts"}],"about":[{"href":"https:\/\/www.corumbaonline.com.br\/news\/wp-json\/wp\/v2\/types\/post"}],"author":[{"embeddable":true,"href":"https:\/\/www.corumbaonline.com.br\/news\/wp-json\/wp\/v2\/users\/1"}],"replies":[{"embeddable":true,"href":"https:\/\/www.corumbaonline.com.br\/news\/wp-json\/wp\/v2\/comments?post=11403"}],"version-history":[{"count":1,"href":"https:\/\/www.corumbaonline.com.br\/news\/wp-json\/wp\/v2\/posts\/11403\/revisions"}],"predecessor-version":[{"id":11405,"href":"https:\/\/www.corumbaonline.com.br\/news\/wp-json\/wp\/v2\/posts\/11403\/revisions\/11405"}],"wp:featuredmedia":[{"embeddable":true,"href":"https:\/\/www.corumbaonline.com.br\/news\/wp-json\/wp\/v2\/media\/11404"}],"wp:attachment":[{"href":"https:\/\/www.corumbaonline.com.br\/news\/wp-json\/wp\/v2\/media?parent=11403"}],"wp:term":[{"taxonomy":"category","embeddable":true,"href":"https:\/\/www.corumbaonline.com.br\/news\/wp-json\/wp\/v2\/categories?post=11403"},{"taxonomy":"post_tag","embeddable":true,"href":"https:\/\/www.corumbaonline.com.br\/news\/wp-json\/wp\/v2\/tags?post=11403"}],"curies":[{"name":"wp","href":"https:\/\/api.w.org\/{rel}","templated":true}]}}