{"id":11509,"date":"2017-11-28T11:40:22","date_gmt":"2017-11-28T14:40:22","guid":{"rendered":"http:\/\/www.corumbaonline.com.br\/news\/?p=11509"},"modified":"2017-11-28T12:37:35","modified_gmt":"2017-11-28T15:37:35","slug":"embrapa-pantanal-realiza-seminario-internacional-de-boas-praticas-agropecuarias-na-bolivia","status":"publish","type":"post","link":"https:\/\/www.corumbaonline.com.br\/news\/embrapa-pantanal-realiza-seminario-internacional-de-boas-praticas-agropecuarias-na-bolivia\/","title":{"rendered":"Embrapa Pantanal realiza Semin\u00e1rio Internacional de Boas Pr\u00e1ticas Agropecu\u00e1rias na Bol\u00edvia"},"content":{"rendered":"<p>Come\u00e7a amanh\u00e3, dia 29\/11, e vai at\u00e9 dia 01\/12, o \u201cSemin\u00e1rio Internacional de Boas Pr\u00e1ticas Agropecu\u00e1rias\u201d, na cidade de Santa Cruz de la Siera, Bol\u00edvia. \u00a0S\u00e3o esperados para o evento aproximadamente 400 participantes, entre produtores, extensionistas, professores de \u00e1reas afins e estudantes de gradua\u00e7\u00e3o e p\u00f3s-gradua\u00e7\u00e3o, incluindo alunos e produtores brasileiros que vivem por l\u00e1.<\/p>\n<p>O Semin\u00e1rio tem como principais objetivos transferir conhecimento gerado pela Embrapa Pantanal para produtores bolivianos e brasileiros, alunos de gradua\u00e7\u00e3o e p\u00f3s-gradua\u00e7\u00e3o, tomadores de decis\u00e3o, formadores de opini\u00e3o e extensionistas, al\u00e9m de gerar um interc\u00e2mbio de conhecimento entre ambos os pa\u00edses.<\/p>\n<p>Segundo o Chefe Adjunto de transfer\u00eancia de tecnologia da Embrapa Pantanal, Thiago Coppola, esta \u00e9 uma oportunidade de, al\u00e9m de divulgar os resultados de pesquisas, tecnologias e conhecimento para produtores do pa\u00eds vizinho, tamb\u00e9m verificar as possibilidades de trabalhos conjuntos com institui\u00e7\u00f5es bolivianas. \u201cDurante o semin\u00e1rio vamos discutir a celebra\u00e7\u00e3o de conv\u00eanios de coopera\u00e7\u00e3o t\u00e9cnica para produzir pesquisas, artigos em conjunto, receber alunos bolivianos para est\u00e1gio e submiss\u00e3o de projetos com as institui\u00e7\u00f5es parceiras do evento. Por meio dessas atividades a Embrapa vem auxiliar o Minist\u00e9rio da Agricultura, Pecu\u00e1ria e Abastecimento nas negocia\u00e7\u00f5es de acordos bilaterais com a Bol\u00edvia\u201d, explicou Coppola.<\/p>\n","protected":false},"excerpt":{"rendered":"<p>Come\u00e7a amanh\u00e3, dia 29\/11, e vai at\u00e9 dia 01\/12, o \u201cSemin\u00e1rio Internacional de Boas Pr\u00e1ticas&#8230;<\/p>\n","protected":false},"author":1,"featured_media":11510,"comment_status":"closed","ping_status":"closed","sticky":false,"template":"","format":"standard","meta":{"footnotes":""},"categories":[2],"tags":[],"class_list":["post-11509","post","type-post","status-publish","format-standard","has-post-thumbnail","hentry","category-agropecuaria"],"_links":{"self":[{"href":"https:\/\/www.corumbaonline.com.br\/news\/wp-json\/wp\/v2\/posts\/11509","targetHints":{"allow":["GET"]}}],"collection":[{"href":"https:\/\/www.corumbaonline.com.br\/news\/wp-json\/wp\/v2\/posts"}],"about":[{"href":"https:\/\/www.corumbaonline.com.br\/news\/wp-json\/wp\/v2\/types\/post"}],"author":[{"embeddable":true,"href":"https:\/\/www.corumbaonline.com.br\/news\/wp-json\/wp\/v2\/users\/1"}],"replies":[{"embeddable":true,"href":"https:\/\/www.corumbaonline.com.br\/news\/wp-json\/wp\/v2\/comments?post=11509"}],"version-history":[{"count":1,"href":"https:\/\/www.corumbaonline.com.br\/news\/wp-json\/wp\/v2\/posts\/11509\/revisions"}],"predecessor-version":[{"id":11511,"href":"https:\/\/www.corumbaonline.com.br\/news\/wp-json\/wp\/v2\/posts\/11509\/revisions\/11511"}],"wp:featuredmedia":[{"embeddable":true,"href":"https:\/\/www.corumbaonline.com.br\/news\/wp-json\/wp\/v2\/media\/11510"}],"wp:attachment":[{"href":"https:\/\/www.corumbaonline.com.br\/news\/wp-json\/wp\/v2\/media?parent=11509"}],"wp:term":[{"taxonomy":"category","embeddable":true,"href":"https:\/\/www.corumbaonline.com.br\/news\/wp-json\/wp\/v2\/categories?post=11509"},{"taxonomy":"post_tag","embeddable":true,"href":"https:\/\/www.corumbaonline.com.br\/news\/wp-json\/wp\/v2\/tags?post=11509"}],"curies":[{"name":"wp","href":"https:\/\/api.w.org\/{rel}","templated":true}]}}