{"id":11620,"date":"2017-12-01T14:37:19","date_gmt":"2017-12-01T17:37:19","guid":{"rendered":"http:\/\/www.corumbaonline.com.br\/news\/?p=11620"},"modified":"2017-12-01T14:56:17","modified_gmt":"2017-12-01T17:56:17","slug":"missa-de-um-mes-de-falecimento-do-prefeito-ruiter-cunha-as-19h","status":"publish","type":"post","link":"https:\/\/www.corumbaonline.com.br\/news\/missa-de-um-mes-de-falecimento-do-prefeito-ruiter-cunha-as-19h\/","title":{"rendered":"Missa de um m\u00eas de falecimento do prefeito Ruiter Cunha as 19h"},"content":{"rendered":"<h1><\/h1>\n<p>Ser\u00e1 celebrada nesta sexta-feira, 1\u00ba de dezembro, a missa de um m\u00eas do falecimento do prefeito Ruiter Cunha de Oliveira. A celebra\u00e7\u00e3o ser\u00e1 \u00e0s 19 horas no Santu\u00e1rio Nossa Senhora Auxiliadora, que fica na rua Dom Aquino, 1065, no Centro da cidade.<\/p>\n<p>&nbsp;<\/p>\n<p>O prefeito Ruiter Cunha faleceu \u00e0 0h28 da quarta feira, 1\u00b0 de novembro, em Campo Grande. Aos 53 anos, ele foi submetido a uma cirurgia card\u00edaca de emerg\u00eancia devido a uma dissec\u00e7\u00e3o aguda da aorta, mas n\u00e3o resistiu no p\u00f3s-operat\u00f3rio e veio a \u00f3bito seis horas depois. Ruiter estava no primeiro ano de sua terceira gest\u00e3o como prefeito do munic\u00edpio de Corumb\u00e1.<\/p>\n","protected":false},"excerpt":{"rendered":"<p>Ser\u00e1 celebrada nesta sexta-feira, 1\u00ba de dezembro, a missa de um m\u00eas do falecimento do&#8230;<\/p>\n","protected":false},"author":1,"featured_media":0,"comment_status":"closed","ping_status":"closed","sticky":false,"template":"","format":"standard","meta":{"footnotes":""},"categories":[19],"tags":[],"class_list":["post-11620","post","type-post","status-publish","format-standard","hentry","category-politica"],"_links":{"self":[{"href":"https:\/\/www.corumbaonline.com.br\/news\/wp-json\/wp\/v2\/posts\/11620","targetHints":{"allow":["GET"]}}],"collection":[{"href":"https:\/\/www.corumbaonline.com.br\/news\/wp-json\/wp\/v2\/posts"}],"about":[{"href":"https:\/\/www.corumbaonline.com.br\/news\/wp-json\/wp\/v2\/types\/post"}],"author":[{"embeddable":true,"href":"https:\/\/www.corumbaonline.com.br\/news\/wp-json\/wp\/v2\/users\/1"}],"replies":[{"embeddable":true,"href":"https:\/\/www.corumbaonline.com.br\/news\/wp-json\/wp\/v2\/comments?post=11620"}],"version-history":[{"count":1,"href":"https:\/\/www.corumbaonline.com.br\/news\/wp-json\/wp\/v2\/posts\/11620\/revisions"}],"predecessor-version":[{"id":11621,"href":"https:\/\/www.corumbaonline.com.br\/news\/wp-json\/wp\/v2\/posts\/11620\/revisions\/11621"}],"wp:attachment":[{"href":"https:\/\/www.corumbaonline.com.br\/news\/wp-json\/wp\/v2\/media?parent=11620"}],"wp:term":[{"taxonomy":"category","embeddable":true,"href":"https:\/\/www.corumbaonline.com.br\/news\/wp-json\/wp\/v2\/categories?post=11620"},{"taxonomy":"post_tag","embeddable":true,"href":"https:\/\/www.corumbaonline.com.br\/news\/wp-json\/wp\/v2\/tags?post=11620"}],"curies":[{"name":"wp","href":"https:\/\/api.w.org\/{rel}","templated":true}]}}