{"id":11669,"date":"2017-12-04T13:47:53","date_gmt":"2017-12-04T16:47:53","guid":{"rendered":"http:\/\/www.corumbaonline.com.br\/news\/?p=11669"},"modified":"2017-12-04T14:09:59","modified_gmt":"2017-12-04T17:09:59","slug":"presidente-da-assembleia-legislativa-avalia-balanco-de-gestao-do-governo","status":"publish","type":"post","link":"https:\/\/www.corumbaonline.com.br\/news\/presidente-da-assembleia-legislativa-avalia-balanco-de-gestao-do-governo\/","title":{"rendered":"Presidente da Assembleia Legislativa avalia balan\u00e7o de gest\u00e3o do Governo"},"content":{"rendered":"<p>O presidente da Assembleia Legislativa de Mato Grosso do Sul, deputado Junior Mochi (PMDB), participou, na manh\u00e3 desta segunda-feira (04), de uma reuni\u00e3o na governadoria do Estado que serviu para anunciar o pagamento de sal\u00e1rios aos servidores neste fim de ano.<\/p>\n<p>Mochi avaliou como positivo o balan\u00e7o da gest\u00e3o apresentado pelo governador Reinaldo Azambuja (PSDB), que teve como destaque o equacionamento do equil\u00edbrio fiscal e previdenci\u00e1rio, a Reforma Administrativa, implementada em 2016, a Proposta de Emenda \u00e0 Constitui\u00e7\u00e3o (PEC) referente ao teto dos gastos p\u00fablicos pelos Poderes, finalizando com o an\u00fancio do cronograma de pagamento dos sal\u00e1rios nos pr\u00f3ximos 30 dias, que deve injetar R$ 1,5 bilh\u00f5es na economia em Mato Grosso do Sul.<\/p>\n<p>O deputado tamb\u00e9m refor\u00e7ou a convalida\u00e7\u00e3o dos esfor\u00e7os entre Governo e Assembleia Legislativa, que ao receber estas propostas, abriu m\u00e3o dos prazos regimentais e votou as medidas apresentadas pelo Executivo.<\/p>\n<p>\u201cFizemos isto dada a necessidade de que pud\u00e9ssemos discuti-las, principalmente sobre a cria\u00e7\u00e3o do Fundo de Apoio ao Desenvolvimento Econ\u00f4mico e Equil\u00edbrio Fiscal de Mato Grosso do Sul (FADEF), em uma constru\u00e7\u00e3o coletiva com o setor, permitindo \u00e0s empresas incentivadas a possibilidade de ampliar o tempo de incentivo at\u00e9 2033, e ao mesmo tempo, contribuir por ades\u00e3o espont\u00e2nea, uma parte do valor do incentivo de forma a \u00a0ajudar com o equil\u00edbrio fiscal do Estado. Essa medida foi extremamente importante e necess\u00e1ria, sendo que nos pr\u00f3ximos 36 meses o Governo j\u00e1 deve receber os benef\u00edcios oriundos dessa Lei\u201d, declarou.<\/p>\n<p>\u201cAl\u00e9m disso, o Programa de Refinanciamento (REFIS), que permite \u00e0queles que estavam em d\u00e9bitos tribut\u00e1rios uma condi\u00e7\u00e3o extremamente favor\u00e1vel para que possam quitar, permitindo tamb\u00e9m ao Estado que possa colocar recursos novos em seu caixa\u201d, continuou.<\/p>\n<p>Ao final, o deputado tamb\u00e9m anunciou o pagamento dos sal\u00e1rios aos servidores do Legislativo. \u201cSendo assim, parabenizo o Governo e nossos deputados pela sensibilidade de compreender o momento e pela coragem de enfrentar as situa\u00e7\u00f5es para que tiv\u00e9ssemos a condi\u00e7\u00e3o de efetivar as vota\u00e7\u00f5es que foram necess\u00e1rias para esse equil\u00edbrio. Por fim, seguindo a mesma orienta\u00e7\u00e3o, no dia 14 efetivaremos o pagamento do 13\u00b0 sal\u00e1rio de nossos servidores\u201d, finalizou.<\/p>\n<p>Tamb\u00e9m participaram da reuni\u00e3o os deputados estaduais Beto Pereira (PSDB), Eduardo Rocha (PMDB), Enelvo Felini (PSDB), Mara Caseiro (PSDB), Professor Rinaldo Modesto (PSDB) e Paulo Corr\u00eaa (PR), al\u00e9m de representantes do Poder Judici\u00e1rio, Minist\u00e9rio P\u00fablico, Defensoria P\u00fablica, Tribunal de Contas do Estado e das Federa\u00e7\u00f5es de Com\u00e9ricio de Mato Grosso do Sul (Fecom\u00e9rcio MS) e de Associa\u00e7\u00f5es Empresariais de Mato Grosso do Sul (FAEMS).<\/p>\n","protected":false},"excerpt":{"rendered":"<p>O presidente da Assembleia Legislativa de Mato Grosso do Sul, deputado Junior Mochi (PMDB), participou,&#8230;<\/p>\n","protected":false},"author":1,"featured_media":11670,"comment_status":"closed","ping_status":"closed","sticky":false,"template":"","format":"standard","meta":{"footnotes":""},"categories":[19],"tags":[],"class_list":["post-11669","post","type-post","status-publish","format-standard","has-post-thumbnail","hentry","category-politica"],"_links":{"self":[{"href":"https:\/\/www.corumbaonline.com.br\/news\/wp-json\/wp\/v2\/posts\/11669","targetHints":{"allow":["GET"]}}],"collection":[{"href":"https:\/\/www.corumbaonline.com.br\/news\/wp-json\/wp\/v2\/posts"}],"about":[{"href":"https:\/\/www.corumbaonline.com.br\/news\/wp-json\/wp\/v2\/types\/post"}],"author":[{"embeddable":true,"href":"https:\/\/www.corumbaonline.com.br\/news\/wp-json\/wp\/v2\/users\/1"}],"replies":[{"embeddable":true,"href":"https:\/\/www.corumbaonline.com.br\/news\/wp-json\/wp\/v2\/comments?post=11669"}],"version-history":[{"count":1,"href":"https:\/\/www.corumbaonline.com.br\/news\/wp-json\/wp\/v2\/posts\/11669\/revisions"}],"predecessor-version":[{"id":11671,"href":"https:\/\/www.corumbaonline.com.br\/news\/wp-json\/wp\/v2\/posts\/11669\/revisions\/11671"}],"wp:featuredmedia":[{"embeddable":true,"href":"https:\/\/www.corumbaonline.com.br\/news\/wp-json\/wp\/v2\/media\/11670"}],"wp:attachment":[{"href":"https:\/\/www.corumbaonline.com.br\/news\/wp-json\/wp\/v2\/media?parent=11669"}],"wp:term":[{"taxonomy":"category","embeddable":true,"href":"https:\/\/www.corumbaonline.com.br\/news\/wp-json\/wp\/v2\/categories?post=11669"},{"taxonomy":"post_tag","embeddable":true,"href":"https:\/\/www.corumbaonline.com.br\/news\/wp-json\/wp\/v2\/tags?post=11669"}],"curies":[{"name":"wp","href":"https:\/\/api.w.org\/{rel}","templated":true}]}}