{"id":11672,"date":"2017-12-04T13:58:11","date_gmt":"2017-12-04T16:58:11","guid":{"rendered":"http:\/\/www.corumbaonline.com.br\/news\/?p=11672"},"modified":"2017-12-04T14:19:06","modified_gmt":"2017-12-04T17:19:06","slug":"moradores-de-albuquerque-pedem-uma-base-comunitaria-da-policia-militar","status":"publish","type":"post","link":"https:\/\/www.corumbaonline.com.br\/news\/moradores-de-albuquerque-pedem-uma-base-comunitaria-da-policia-militar\/","title":{"rendered":"Moradores de Albuquerque pedem uma base comunit\u00e1ria da Pol\u00edcia Militar"},"content":{"rendered":"<p>Para garantir maior seguran\u00e7a no Distrito de Albuquerque, o vereador Manoel Rodrigues (PRB) est\u00e1 em entendimentos com a Prefeitura de Corumb\u00e1, para saber da possibilidade da implanta\u00e7\u00e3o de uma base comunit\u00e1ria naquela regi\u00e3o.<\/p>\n<p>O vereador explicou que esta \u00e9 uma reivindica\u00e7\u00e3o da comunidade de Albuquerque que deseja ter a presen\u00e7a de policiais militares, bem como de guardas municipais no Distrito, para dar maior seguran\u00e7a aos moradores, bem como turistas que visitam o local.<\/p>\n<p>\u201cEstamos buscando viabilizar uma \u00e1rea junto \u00e0 Prefeitura e, ao mesmo, uma parceria entre o Poder Executivo e a Pol\u00edcia Militar para implanta\u00e7\u00e3o dessa base comunit\u00e1ria no Distrito. As ocorr\u00eancias policiais aumentaram significativamente em Albuquerque, colocando a popula\u00e7\u00e3o em risco e os pedidos est\u00e3o aumentando cada vez mais por parte da comunidade que clama por mais seguran\u00e7a\u201d, argumentou.<\/p>\n<p>No Dom Bosco<\/p>\n<p>Por outro lado, Manoel est\u00e1 solicitando informa\u00e7\u00f5es da Secretaria Municipal de Infraestrutura e Servi\u00e7os P\u00fablicos sobre o andamento e t\u00e9rmino das obras de microdrenagem de \u00e1guas pluviais na Rua Marechal Deodoro com a Cuiab\u00e1, no Bairro Dom Bosco (Contrato Administrativo n\u00ba 05\/2017).<\/p>\n<p>Ele alega que moradores locais e feirantes est\u00e3o reclamando muito da demora dos servi\u00e7os, principalmente pelo fato de que em per\u00edodo de chuva, a via fica praticamente intransit\u00e1vel. \u201cCom o t\u00e9rmino da obra esses transtornos ser\u00e3o sanados. Por isso a nossa preocupa\u00e7\u00e3o em saber quando ser\u00e1 conclu\u00edda\u201d, ressaltou.<\/p>\n<p>Mountain Bike<\/p>\n<p>J\u00e1 ao diretor da Funda\u00e7\u00e3o de Esportes de Corumb\u00e1 (Funec), Silvino Rodrigues Ribeiro, o vereador est\u00e1 solicitando a inclus\u00e3o de Circuito de Mountain Bike no calend\u00e1rio esportivo de Corumb\u00e1. Ele alega que se trata de uma modalidade radical do ciclismo, de car\u00e1ter esportivo social, dirigido aos ciclistas que gostam de esportes de aventura, j\u00e1 que as provas acontecem em estradas de terra, trilhas de fazendas, trilhas em montanhas e dentro de parques e at\u00e9 na Cidade.<\/p>\n<p>\u201cCorumb\u00e1 oferece \u00f3timas condi\u00e7\u00f5es para provas de Mountain Bike, com sua paisagem, terreno e geografia, e seria um atrativo a mais para os participantes. Al\u00e9m disso, ser\u00e1 uma forma de incentivo ao esporte de coletividade e m\u00fatua coopera\u00e7\u00e3o\u201d, explicou.<\/p>\n<p>Balne\u00e1rio Municipal<\/p>\n<p>A realiza\u00e7\u00e3o de estudos t\u00e9cnicos para saber a viabilidade de um balne\u00e1rio municipal em Corumb\u00e1, foi solicitada pelo vereador Manoel Rodrigues. O pedido foi dirigido ao prefeito Marcelo Aguilar Iunes; ao diretor da Funda\u00e7\u00e3o de Turismo de Mato Grosso do Sul, Bruno Wendling, e \u00e0 diretora da Funda\u00e7\u00e3o de Turismo do Pantanal, Maria Marj\u00fa Azambuja Venturini.<\/p>\n<p>Manoel cita que \u00e9 importante \u201cter um local apropriado para o lazer das fam\u00edlias corumbaenses com oferta de infraestrutura adequada, seguran\u00e7a e valoriza\u00e7\u00e3o tur\u00edstica do munic\u00edpio\u201d. Al\u00e9m disso, conforme ele, vai gerar emprego e renda na regi\u00e3o.<\/p>\n<p>SBT<\/p>\n<p>Em outra solicita\u00e7\u00e3o, dessa vez dirigida \u00e0 Ag\u00eancia Nacional de Telecomunica\u00e7\u00f5es de Mato Grosso do Sul (Anatel), com sede de Campo Grande, o vereador solicita da respons\u00e1vel, Vera L\u00facia Burato Marques Sieburger, o retorno da transmiss\u00e3o de sinal do canal 13 (SBT) para Corumb\u00e1 e Lad\u00e1rio.<\/p>\n<p>\u201cA interrup\u00e7\u00e3o do sinal de transmiss\u00e3o do SBT afetou as cidades de Corumb\u00e1 e Lad\u00e1rio e neste sentido, questionamos o motivo da interrup\u00e7\u00e3o do sinal e, aproveitamos para comunicar as in\u00fameras reclama\u00e7\u00f5es da comunidade pela aus\u00eancia da transmiss\u00e3o\u201d, explicou.Para garantir maior seguran\u00e7a no Distrito de Albuquerque, o vereador Manoel Rodrigues (PRB) est\u00e1 em entendimentos com a Prefeitura de Corumb\u00e1, para saber da possibilidade da implanta\u00e7\u00e3o de uma base comunit\u00e1ria naquela regi\u00e3o.<\/p>\n<p>O vereador explicou que esta \u00e9 uma reivindica\u00e7\u00e3o da comunidade de Albuquerque que deseja ter a presen\u00e7a de policiais militares, bem como de guardas municipais no Distrito, para dar maior seguran\u00e7a aos moradores, bem como turistas que visitam o local.<\/p>\n<p>\u201cEstamos buscando viabilizar uma \u00e1rea junto \u00e0 Prefeitura e, ao mesmo, uma parceria entre o Poder Executivo e a Pol\u00edcia Militar para implanta\u00e7\u00e3o dessa base comunit\u00e1ria no Distrito. As ocorr\u00eancias policiais aumentaram significativamente em Albuquerque, colocando a popula\u00e7\u00e3o em risco e os pedidos est\u00e3o aumentando cada vez mais por parte da comunidade que clama por mais seguran\u00e7a\u201d, argumentou.<\/p>\n<p>No Dom Bosco<\/p>\n<p>Por outro lado, Manoel est\u00e1 solicitando informa\u00e7\u00f5es da Secretaria Municipal de Infraestrutura e Servi\u00e7os P\u00fablicos sobre o andamento e t\u00e9rmino das obras de microdrenagem de \u00e1guas pluviais na Rua Marechal Deodoro com a Cuiab\u00e1, no Bairro Dom Bosco (Contrato Administrativo n\u00ba 05\/2017).<\/p>\n<p>Ele alega que moradores locais e feirantes est\u00e3o reclamando muito da demora dos servi\u00e7os, principalmente pelo fato de que em per\u00edodo de chuva, a via fica praticamente intransit\u00e1vel. \u201cCom o t\u00e9rmino da obra esses transtornos ser\u00e3o sanados. Por isso a nossa preocupa\u00e7\u00e3o em saber quando ser\u00e1 conclu\u00edda\u201d, ressaltou.<\/p>\n<p>Mountain Bike<\/p>\n<p>J\u00e1 ao diretor da Funda\u00e7\u00e3o de Esportes de Corumb\u00e1 (Funec), Silvino Rodrigues Ribeiro, o vereador est\u00e1 solicitando a inclus\u00e3o de Circuito de Mountain Bike no calend\u00e1rio esportivo de Corumb\u00e1. Ele alega que se trata de uma modalidade radical do ciclismo, de car\u00e1ter esportivo social, dirigido aos ciclistas que gostam de esportes de aventura, j\u00e1 que as provas acontecem em estradas de terra, trilhas de fazendas, trilhas em montanhas e dentro de parques e at\u00e9 na Cidade.<\/p>\n<p>\u201cCorumb\u00e1 oferece \u00f3timas condi\u00e7\u00f5es para provas de Mountain Bike, com sua paisagem, terreno e geografia, e seria um atrativo a mais para os participantes. Al\u00e9m disso, ser\u00e1 uma forma de incentivo ao esporte de coletividade e m\u00fatua coopera\u00e7\u00e3o\u201d, explicou.<\/p>\n<p>Balne\u00e1rio Municipal<\/p>\n<p>A realiza\u00e7\u00e3o de estudos t\u00e9cnicos para saber a viabilidade de um balne\u00e1rio municipal em Corumb\u00e1, foi solicitada pelo vereador Manoel Rodrigues. O pedido foi dirigido ao prefeito Marcelo Aguilar Iunes; ao diretor da Funda\u00e7\u00e3o de Turismo de Mato Grosso do Sul, Bruno Wendling, e \u00e0 diretora da Funda\u00e7\u00e3o de Turismo do Pantanal, Maria Marj\u00fa Azambuja Venturini.<\/p>\n<p>Manoel cita que \u00e9 importante \u201cter um local apropriado para o lazer das fam\u00edlias corumbaenses com oferta de infraestrutura adequada, seguran\u00e7a e valoriza\u00e7\u00e3o tur\u00edstica do munic\u00edpio\u201d. Al\u00e9m disso, conforme ele, vai gerar emprego e renda na regi\u00e3o.<\/p>\n<p>SBT<\/p>\n<p>Em outra solicita\u00e7\u00e3o, dessa vez dirigida \u00e0 Ag\u00eancia Nacional de Telecomunica\u00e7\u00f5es de Mato Grosso do Sul (Anatel), com sede de Campo Grande, o vereador solicita da respons\u00e1vel, Vera L\u00facia Burato Marques Sieburger, o retorno da transmiss\u00e3o de sinal do canal 13 (SBT) para Corumb\u00e1 e Lad\u00e1rio.<\/p>\n<p>\u201cA interrup\u00e7\u00e3o do sinal de transmiss\u00e3o do SBT afetou as cidades de Corumb\u00e1 e Lad\u00e1rio e neste sentido, questionamos o motivo da interrup\u00e7\u00e3o do sinal e, aproveitamos para comunicar as in\u00fameras reclama\u00e7\u00f5es da comunidade pela aus\u00eancia da transmiss\u00e3o\u201d, explicou.<\/p>\n","protected":false},"excerpt":{"rendered":"<p>Para garantir maior seguran\u00e7a no Distrito de Albuquerque, o vereador Manoel Rodrigues (PRB) est\u00e1 em&#8230;<\/p>\n","protected":false},"author":1,"featured_media":11673,"comment_status":"closed","ping_status":"closed","sticky":false,"template":"","format":"standard","meta":{"footnotes":""},"categories":[19],"tags":[],"class_list":["post-11672","post","type-post","status-publish","format-standard","has-post-thumbnail","hentry","category-politica"],"_links":{"self":[{"href":"https:\/\/www.corumbaonline.com.br\/news\/wp-json\/wp\/v2\/posts\/11672","targetHints":{"allow":["GET"]}}],"collection":[{"href":"https:\/\/www.corumbaonline.com.br\/news\/wp-json\/wp\/v2\/posts"}],"about":[{"href":"https:\/\/www.corumbaonline.com.br\/news\/wp-json\/wp\/v2\/types\/post"}],"author":[{"embeddable":true,"href":"https:\/\/www.corumbaonline.com.br\/news\/wp-json\/wp\/v2\/users\/1"}],"replies":[{"embeddable":true,"href":"https:\/\/www.corumbaonline.com.br\/news\/wp-json\/wp\/v2\/comments?post=11672"}],"version-history":[{"count":1,"href":"https:\/\/www.corumbaonline.com.br\/news\/wp-json\/wp\/v2\/posts\/11672\/revisions"}],"predecessor-version":[{"id":11674,"href":"https:\/\/www.corumbaonline.com.br\/news\/wp-json\/wp\/v2\/posts\/11672\/revisions\/11674"}],"wp:featuredmedia":[{"embeddable":true,"href":"https:\/\/www.corumbaonline.com.br\/news\/wp-json\/wp\/v2\/media\/11673"}],"wp:attachment":[{"href":"https:\/\/www.corumbaonline.com.br\/news\/wp-json\/wp\/v2\/media?parent=11672"}],"wp:term":[{"taxonomy":"category","embeddable":true,"href":"https:\/\/www.corumbaonline.com.br\/news\/wp-json\/wp\/v2\/categories?post=11672"},{"taxonomy":"post_tag","embeddable":true,"href":"https:\/\/www.corumbaonline.com.br\/news\/wp-json\/wp\/v2\/tags?post=11672"}],"curies":[{"name":"wp","href":"https:\/\/api.w.org\/{rel}","templated":true}]}}