{"id":11706,"date":"2017-12-05T08:05:27","date_gmt":"2017-12-05T11:05:27","guid":{"rendered":"http:\/\/www.corumbaonline.com.br\/news\/?p=11706"},"modified":"2017-12-05T08:42:15","modified_gmt":"2017-12-05T11:42:15","slug":"temer-recebe-presidente-da-bolivia-nesta-terca-feira-apos-dois-adiamentos","status":"publish","type":"post","link":"https:\/\/www.corumbaonline.com.br\/news\/temer-recebe-presidente-da-bolivia-nesta-terca-feira-apos-dois-adiamentos\/","title":{"rendered":"Temer recebe presidente da Bol\u00edvia nesta ter\u00e7a-feira, ap\u00f3s dois adiamentos"},"content":{"rendered":"<p>O presidente da Bol\u00edvia, Evo Morales, vir\u00e1 a Bras\u00edlia nesta ter\u00e7a-feira (5) para encontrar-se com o presidente Michel Temer. Temer receber\u00e1 Morales no Pal\u00e1cio do Planalto \u00e0s 11h. Em seguida, participar\u00e3o de um encontro bilateral e de uma cerim\u00f4nia de assinatura de atos. A agenda oficial de ambos termina com um almo\u00e7o oferecido por Temer em homenagem a Morales, no Pal\u00e1cio do Itamaraty.<\/p>\n<p>A visita j\u00e1 deveria ter ocorrido desde outubro, mas foi adiada duas vezes, nas \u00faltimas semanas, devido aos problemas de sa\u00fade do presidente brasileiro.<\/p>\n<p>Segundo um assessor pr\u00f3ximo de Temer, a visita tem um efeito simb\u00f3lico, sinalizando a inten\u00e7\u00e3o da Bol\u00edvia em manter boas rela\u00e7\u00f5es com o governo de Michel Temer. De acordo com esse mesmo assessor, a ideia do encontro partiu do pa\u00eds vizinho. Morales foi um dos cr\u00edticos do\u00a0<em>impeachment<\/em>\u00a0de Dilma Rousseff e, como o presidente da Venezuela, Nicol\u00e1s Maduro, o boliviano manifestou-se nas redes sociais\u00a0<a href=\"http:\/\/agenciabrasil.ebc.com.br\/politica\/noticia\/2016-04\/presidentes-de-venezuela-e-bolivia-criticam-abertura-de-impeachment-de\" target=\"_blank\" rel=\"noopener noreferrer\">contra o que chamou de \u201cgolpe\u201d<\/a>.<\/p>\n<p>Mas Morales tem interesses comerciais na visita. A Bol\u00edvia quer expandir seus parceiros comerciais de g\u00e1s e vender o excedente de produto que n\u00e3o est\u00e1 sendo consumido atualmente pela Petrobras, comprador do g\u00e1s boliviano. A inten\u00e7\u00e3o\u00a0<a href=\"http:\/\/agenciabrasil.ebc.com.br\/economia\/noticia\/2017-02\/bolivia-quer-vender-excedente-de-gas-da-petrobras-para-outros-mercados-no\" target=\"_blank\" rel=\"noopener noreferrer\">j\u00e1 havia sido manifestada pelo pa\u00eds vizinho<\/a>\u00a0no in\u00edcio do ano.<\/p>\n<p><strong>Dois adiamentos<\/strong><\/p>\n<p>A visita havia sido marcada para ocorrer nas \u00faltimas semanas, mas foi adiada duas vezes, ambas por quest\u00f5es envolvendo a sa\u00fade de Temer.<\/p>\n<p>Na primeira, que aconteceria em 30 de outubro, foi adiada porque Temer precisou se submeter a uma\u00a0<a href=\"http:\/\/agenciabrasil.ebc.com.br\/politica\/noticia\/2017-10\/temer-recebe-alta-apos-internacao-para-cirurgia-urologica\" target=\"_blank\" rel=\"noopener noreferrer\">cirurgia urol\u00f3gica para desobstru\u00e7\u00e3o da uretra<\/a>. A Secretaria de Comunica\u00e7\u00e3o da Presid\u00eancia da Rep\u00fablica j\u00e1 havia divulgado a visita de Morales na agenda de Temer, sendo cancelada posteriormente.<\/p>\n<p>O encontro foi, ent\u00e3o, remarcado para a \u00faltima semana de novembro, mas o presidente foi submetido a uma angioplastia no cora\u00e7\u00e3o no dia 24,\u00a0<a href=\"http:\/\/agenciabrasil.ebc.com.br\/politica\/noticia\/2017-10\/temer-recebe-alta-apos-internacao-para-cirurgia-urologica\" target=\"_blank\" rel=\"noopener noreferrer\">ficando internado at\u00e9 o dia 27,<\/a>\u00a0quando aconteceria a visita j\u00e1 remarcada do presidente boliviano.<\/p>\n","protected":false},"excerpt":{"rendered":"<p>O presidente da Bol\u00edvia, Evo Morales, vir\u00e1 a Bras\u00edlia nesta ter\u00e7a-feira (5) para encontrar-se com&#8230;<\/p>\n","protected":false},"author":1,"featured_media":0,"comment_status":"closed","ping_status":"closed","sticky":false,"template":"","format":"standard","meta":{"footnotes":""},"categories":[19],"tags":[],"class_list":["post-11706","post","type-post","status-publish","format-standard","hentry","category-politica"],"_links":{"self":[{"href":"https:\/\/www.corumbaonline.com.br\/news\/wp-json\/wp\/v2\/posts\/11706","targetHints":{"allow":["GET"]}}],"collection":[{"href":"https:\/\/www.corumbaonline.com.br\/news\/wp-json\/wp\/v2\/posts"}],"about":[{"href":"https:\/\/www.corumbaonline.com.br\/news\/wp-json\/wp\/v2\/types\/post"}],"author":[{"embeddable":true,"href":"https:\/\/www.corumbaonline.com.br\/news\/wp-json\/wp\/v2\/users\/1"}],"replies":[{"embeddable":true,"href":"https:\/\/www.corumbaonline.com.br\/news\/wp-json\/wp\/v2\/comments?post=11706"}],"version-history":[{"count":1,"href":"https:\/\/www.corumbaonline.com.br\/news\/wp-json\/wp\/v2\/posts\/11706\/revisions"}],"predecessor-version":[{"id":11707,"href":"https:\/\/www.corumbaonline.com.br\/news\/wp-json\/wp\/v2\/posts\/11706\/revisions\/11707"}],"wp:attachment":[{"href":"https:\/\/www.corumbaonline.com.br\/news\/wp-json\/wp\/v2\/media?parent=11706"}],"wp:term":[{"taxonomy":"category","embeddable":true,"href":"https:\/\/www.corumbaonline.com.br\/news\/wp-json\/wp\/v2\/categories?post=11706"},{"taxonomy":"post_tag","embeddable":true,"href":"https:\/\/www.corumbaonline.com.br\/news\/wp-json\/wp\/v2\/tags?post=11706"}],"curies":[{"name":"wp","href":"https:\/\/api.w.org\/{rel}","templated":true}]}}