{"id":11708,"date":"2017-12-05T08:12:39","date_gmt":"2017-12-05T11:12:39","guid":{"rendered":"http:\/\/www.corumbaonline.com.br\/news\/?p=11708"},"modified":"2017-12-05T08:43:10","modified_gmt":"2017-12-05T11:43:10","slug":"alms-quatro-projetos-estao-pautados-para-votacao-nesta-terca-feira-2","status":"publish","type":"post","link":"https:\/\/www.corumbaonline.com.br\/news\/alms-quatro-projetos-estao-pautados-para-votacao-nesta-terca-feira-2\/","title":{"rendered":"ALMS: Quatro projetos est\u00e3o pautados para vota\u00e7\u00e3o nesta ter\u00e7a-feira"},"content":{"rendered":"<p>A pauta da Ordem do Dia da sess\u00e3o desta ter\u00e7a-feira (5) prev\u00ea a vota\u00e7\u00e3o de quatro proposi\u00e7\u00f5es, sendo tr\u00eas em segunda discuss\u00e3o. O Projeto de Lei (PL) 101\/2017, de autoria do deputado Herculano Borges (SD), institui o m\u00eas \u201cMaio Laranja\u201d de combate ao abuso e a explora\u00e7\u00e3o sexual de crian\u00e7as e dos adolescentes no Estado.<\/p>\n<p>\u201cNo Brasil, a cada oito minutos uma crian\u00e7a \u00e9 abusada sexualmente. Ou seja, 180 crimes contra as crian\u00e7as por dia. 80% dos casos acontecem nos ambientes familiares, tendo como autores padrastos, pais, irm\u00e3os e tios. Apenas 2% dos delitos s\u00e3o denunciados e, destes, apenas 9% os autores s\u00e3o condenados. O projeto prev\u00ea que o Estado promova atividades para conscientiza\u00e7\u00e3o, preven\u00e7\u00e3o e orienta\u00e7\u00e3o. \u00c9 necess\u00e1rio identificar as v\u00edtimas dentro das salas de aula\u201d, ressaltou Herculano.<\/p>\n<p>O PL 145\/2017, do Dr. Paulo Siufi (PMDB), cria a Semana Estadual do Beb\u00ea. \u201cA inten\u00e7\u00e3o \u00e9 fomentar a\u00e7\u00f5es, planos, programas e debates sobre os cuidados fundamentais para a garantia de uma primeira inf\u00e2ncia segura\u201d, afirmou Siufi. O PL 174\/2017, de Maur\u00edcio Picarelli (PSDB), inclui Calend\u00e1rio Oficial de Eventos de Mato Grosso do Sul, o Dia do Professor Especializado em Educa\u00e7\u00e3o Especial, a ser comemorado, anualmente, em 22 de agosto. Segundo o parlamentar, a homenagem visa repensar o papel do educador na classe do sistema regular de ensino em que haja inclus\u00e3o de alunos especiais.<\/p>\n<p>Em primeira discuss\u00e3o, os deputados ainda devem votar o PL 249\/2017, do Poder Executivo, que disp\u00f5e sobre a comunica\u00e7\u00e3o eletr\u00f4nica, pelos not\u00e1rios, das transa\u00e7\u00f5es realizadas com ve\u00edculos automotores terrestres.<\/p>\n","protected":false},"excerpt":{"rendered":"<p>A pauta da Ordem do Dia da sess\u00e3o desta ter\u00e7a-feira (5) prev\u00ea a vota\u00e7\u00e3o de&#8230;<\/p>\n","protected":false},"author":1,"featured_media":0,"comment_status":"closed","ping_status":"closed","sticky":false,"template":"","format":"standard","meta":{"footnotes":""},"categories":[19],"tags":[],"class_list":["post-11708","post","type-post","status-publish","format-standard","hentry","category-politica"],"_links":{"self":[{"href":"https:\/\/www.corumbaonline.com.br\/news\/wp-json\/wp\/v2\/posts\/11708","targetHints":{"allow":["GET"]}}],"collection":[{"href":"https:\/\/www.corumbaonline.com.br\/news\/wp-json\/wp\/v2\/posts"}],"about":[{"href":"https:\/\/www.corumbaonline.com.br\/news\/wp-json\/wp\/v2\/types\/post"}],"author":[{"embeddable":true,"href":"https:\/\/www.corumbaonline.com.br\/news\/wp-json\/wp\/v2\/users\/1"}],"replies":[{"embeddable":true,"href":"https:\/\/www.corumbaonline.com.br\/news\/wp-json\/wp\/v2\/comments?post=11708"}],"version-history":[{"count":1,"href":"https:\/\/www.corumbaonline.com.br\/news\/wp-json\/wp\/v2\/posts\/11708\/revisions"}],"predecessor-version":[{"id":11709,"href":"https:\/\/www.corumbaonline.com.br\/news\/wp-json\/wp\/v2\/posts\/11708\/revisions\/11709"}],"wp:attachment":[{"href":"https:\/\/www.corumbaonline.com.br\/news\/wp-json\/wp\/v2\/media?parent=11708"}],"wp:term":[{"taxonomy":"category","embeddable":true,"href":"https:\/\/www.corumbaonline.com.br\/news\/wp-json\/wp\/v2\/categories?post=11708"},{"taxonomy":"post_tag","embeddable":true,"href":"https:\/\/www.corumbaonline.com.br\/news\/wp-json\/wp\/v2\/tags?post=11708"}],"curies":[{"name":"wp","href":"https:\/\/api.w.org\/{rel}","templated":true}]}}