{"id":11708037,"date":"2020-07-28T10:26:00","date_gmt":"2020-07-28T14:26:00","guid":{"rendered":"http:\/\/www.corumbaonline.com.br\/news\/?p=11708037"},"modified":"2020-07-28T13:12:41","modified_gmt":"2020-07-28T17:12:41","slug":"eua-pedem-que-bolsonaros-fiquem-de-fora-da-eleicao-americana","status":"publish","type":"post","link":"https:\/\/www.corumbaonline.com.br\/news\/eua-pedem-que-bolsonaros-fiquem-de-fora-da-eleicao-americana\/","title":{"rendered":"EUA pedem que Bolsonaros fiquem de fora da elei\u00e7\u00e3o americana"},"content":{"rendered":"<p>A\u00a0<strong>Comiss\u00e3o de Rela\u00e7\u00f5es Exteriores da C\u00e2mara dos Estados Unidos<\/strong>\u00a0defendeu nesta segunda-feira, 27, que a fam\u00edlia Bolsonaro precisa ficar &#8220;de fora&#8221; das elei\u00e7\u00f5es americanas deste ano. A manifesta\u00e7\u00e3o, que foi feita por meio das redes sociais, \u00e9 assinada por\u00a0<strong>Eliot Engel<\/strong>, presidente da Comiss\u00e3o.<\/p>\n<p>Deputado pelo partido Democrata, Engel criticou um v\u00eddeo publicado pelo deputado Eduardo Bolsonaro (PSL-SP) no qual o filho do presidente Jair Bolsonaro pede &#8220;Trump 2020&#8221; ao se referir \u00e0 corrida eleitoral de novembro.<\/p>\n<p>Em resposta, Engel disse que &#8220;j\u00e1 vimos este filme antes&#8221;, o que classificou como &#8220;vergonhoso e inaceit\u00e1vel&#8221;. &#8220;A fam\u00edlia Bolsonaro precisa ficar DE FORA das elei\u00e7\u00f5es dos EUA&#8221;, concluiu. Formada por maioria democrata, a Comiss\u00e3o presidida por ele \u00e9 respons\u00e1vel pela legisla\u00e7\u00e3o e supervis\u00e3o da pol\u00edtica externa do Pa\u00eds.<\/p>\n<p class=\"text\">A fam\u00edlia Bolsonaro j\u00e1 demonstrou apoio a\u00a0<strong>Trump<\/strong>\u00a0em diversas oportunidades. O pr\u00f3prio presidente Jair Bolsonaro j\u00e1 se declarou publicamente f\u00e3 do americano e afirmou torcer por sua reelei\u00e7\u00e3o &#8211; um gesto que contraria a tradi\u00e7\u00e3o diplom\u00e1tica de n\u00e3o se envolver em disputas dom\u00e9sticas.<\/p>\n<p class=\"text\">A mesma linha foi adotada por Eduardo Bolsonaro, que no ano passado chegou a ser cotado para a embaixada do Brasil em Washington. Sem apoio no Senado para emplacar seu nome, no entanto, Eduardo acabou desistindo da indica\u00e7\u00e3o, que havia sido defendida por seu pai.<\/p>\n<p class=\"text\">Em entrevista ao\u00a0<strong>Estad\u00e3o<\/strong>\u00a0neste m\u00eas, o ex-conselheiro de Seguran\u00e7a Nacional da Casa Branca\u00a0<strong>John Bolton avaliou que, se levar em considera\u00e7\u00e3o o interesse do Brasil na rela\u00e7\u00e3o com os americanos, o presidente Jair Bolsonaro precisa &#8220;abrir linhas de comunica\u00e7\u00e3o&#8221; com o partido Democrata nos EUA.<\/strong><\/p>\n<p class=\"text\">No momento, o candidato democrata \u00e0s elei\u00e7\u00f5es de novembro,\u00a0<strong>Joe Biden<\/strong>, lidera as pesquisas de inten\u00e7\u00e3o de voto em oito pontos percentuais.<\/p>\n","protected":false},"excerpt":{"rendered":"<p>A\u00a0Comiss\u00e3o de Rela\u00e7\u00f5es Exteriores da C\u00e2mara dos Estados Unidos\u00a0defendeu nesta segunda-feira, 27, que a fam\u00edlia&#8230;<\/p>\n","protected":false},"author":11,"featured_media":0,"comment_status":"closed","ping_status":"closed","sticky":false,"template":"","format":"standard","meta":{"footnotes":""},"categories":[15],"tags":[],"class_list":["post-11708037","post","type-post","status-publish","format-standard","hentry","category-internacional"],"_links":{"self":[{"href":"https:\/\/www.corumbaonline.com.br\/news\/wp-json\/wp\/v2\/posts\/11708037","targetHints":{"allow":["GET"]}}],"collection":[{"href":"https:\/\/www.corumbaonline.com.br\/news\/wp-json\/wp\/v2\/posts"}],"about":[{"href":"https:\/\/www.corumbaonline.com.br\/news\/wp-json\/wp\/v2\/types\/post"}],"author":[{"embeddable":true,"href":"https:\/\/www.corumbaonline.com.br\/news\/wp-json\/wp\/v2\/users\/11"}],"replies":[{"embeddable":true,"href":"https:\/\/www.corumbaonline.com.br\/news\/wp-json\/wp\/v2\/comments?post=11708037"}],"version-history":[{"count":1,"href":"https:\/\/www.corumbaonline.com.br\/news\/wp-json\/wp\/v2\/posts\/11708037\/revisions"}],"predecessor-version":[{"id":11708038,"href":"https:\/\/www.corumbaonline.com.br\/news\/wp-json\/wp\/v2\/posts\/11708037\/revisions\/11708038"}],"wp:attachment":[{"href":"https:\/\/www.corumbaonline.com.br\/news\/wp-json\/wp\/v2\/media?parent=11708037"}],"wp:term":[{"taxonomy":"category","embeddable":true,"href":"https:\/\/www.corumbaonline.com.br\/news\/wp-json\/wp\/v2\/categories?post=11708037"},{"taxonomy":"post_tag","embeddable":true,"href":"https:\/\/www.corumbaonline.com.br\/news\/wp-json\/wp\/v2\/tags?post=11708037"}],"curies":[{"name":"wp","href":"https:\/\/api.w.org\/{rel}","templated":true}]}}