{"id":11709453,"date":"2020-10-07T09:02:00","date_gmt":"2020-10-07T13:02:00","guid":{"rendered":"http:\/\/www.corumbaonline.com.br\/news\/?p=11709453"},"modified":"2020-10-07T15:53:57","modified_gmt":"2020-10-07T19:53:57","slug":"lei-aldir-blanc-fcms-lanca-mapa-cultural-com-cadastro-de-artistas-nesta-quarta-feira","status":"publish","type":"post","link":"https:\/\/www.corumbaonline.com.br\/news\/lei-aldir-blanc-fcms-lanca-mapa-cultural-com-cadastro-de-artistas-nesta-quarta-feira\/","title":{"rendered":"Lei Aldir Blanc: FCMS lan\u00e7a Mapa Cultural com cadastro de artistas nesta quarta-feira"},"content":{"rendered":"<p>O Governo do Estado, por meio da Funda\u00e7\u00e3o de Cultura de Mato Grosso do Sul (FCMS), lan\u00e7a nesta quarta-feira (7), a plataforma online Mapa Cultural de MS, uma ferramenta que vai auxiliar o Estado tanto no cadastramento e distribui\u00e7\u00e3o dos recursos previstos na Lei 14.017\/20 \u2013 Lei Aldir Blanc de Emerg\u00eancia Cultural, quanto no acesso a editais e a\u00e7\u00f5es de fomento ao setor. Com aporte de R$ 20 milh\u00f5es, a previs\u00e3o \u00e9 de que a lei beneficie seis mil pessoas com renda b\u00e1sica emergencial (inciso I), al\u00e9m de fomento \u00e0 cultura e aux\u00edlio para espa\u00e7os culturais de R$ 3 a 10 mil por espa\u00e7o (inciso III).<\/p>\n<p>De acordo com a diretora-presidente da FCMS, Mara Caseiro, neste primeiro momento o Mapa funcionar\u00e1 como plataforma de cadastro de trabalhadoras e trabalhadores da cultura que est\u00e3o pleiteando o aux\u00edlio emergencial disponibilizado por meio da Lei Aldir Blanc de Emerg\u00eancia Cultural. \u201cPrimeiramente o cadastro ser\u00e1 aberto para os profissionais de cultura que pleiteiam o benef\u00edcio da renda emergencial, prevista no inciso I da Lei. Dias depois ser\u00e1 aberta a inscri\u00e7\u00e3o para os munic\u00edpios que aderiram \u00e0 plataforma do Mapa Cultural do Estado\u201d, afirmou.<\/p>\n<p>O Estado vai operar o inciso I da Lei, que garante renda emergencial mensal aos profissionais da cultura, com parcelas de R$ 600,00 retroativos ao m\u00eas de junho, julho e agosto, bem como o inciso III, que disp\u00f5e sobre editais, chamadas p\u00fablicas, aquisi\u00e7\u00e3o de bens e servi\u00e7os vinculados ao setor cultural e outros instrumentos destinados \u00e0 manuten\u00e7\u00e3o de iniciativas, desenvolvimento de atividades de economia criativa, bem como a realiza\u00e7\u00e3o de atividades art\u00edsticas e culturais que possam ser transmitidas pela internet ou disponibilizadas por meio de redes sociais e outras plataformas digitais.<\/p>\n<p>Entre as diversas iniciativas da Funda\u00e7\u00e3o de Cultura para a implementa\u00e7\u00e3o da Lei no Estado, foi proposto um Termo de Coopera\u00e7\u00e3o T\u00e9cnica com os munic\u00edpios respons\u00e1veis por operar o inciso II \u2013 que prev\u00ea subs\u00eddios aos espa\u00e7os e pontos de cultura de 3 mil a 10 mil reais \u2013 para que utilizem a plataforma Mapas Culturais. Outra iniciativa foi a cria\u00e7\u00e3o do Comit\u00ea Estadual de Emerg\u00eancia Cultural, com oito representantes de linguagens e express\u00f5es culturais e art\u00edsticas, para auxiliar no planejamento, implementa\u00e7\u00e3o e distribui\u00e7\u00e3o dos recursos previstos na Lei Federal.<\/p>\n<p><strong>Inscri\u00e7\u00f5es<\/strong><\/p>\n<p>As inscri\u00e7\u00f5es para os interessados em receber os benef\u00edcios da renda emergencial v\u00e3o do dia 06 at\u00e9 o dia 20 de outubro, por meio da plataforma Mapas Culturais, que pode ser acessada no site\u00a0<a href=\"http:\/\/www.fundacaodecultura.ms.gov.br\/leialdirblanc\">www.fundacaodecultura.ms.gov.br\/leialdirblanc<\/a>\u00a0. L\u00e1 \u00e9 poss\u00edvel encontrar uma cartilha com informa\u00e7\u00f5es detalhadas sobre a Lei, al\u00e9m do link para o cadastro de trabalhadores.<\/p>\n<p>\u201cConvocamos, a partir de hoje, todos profissionais da cultura dos munic\u00edpios sul-mato-grossenses para efetivarem os cadastros. Vamos partir para a busca ativa desses agentes culturais em comunidades ribeirinhas, aldeias ind\u00edgenas, comunidades quilombolas, numa parceria com v\u00e1rias institui\u00e7\u00f5es. Ent\u00e3o, pedimos a colabora\u00e7\u00e3o de todos para n\u00e3o deixar para a \u00faltima hora, porque quanto mais cedo preenchermos o Mapa, mais cedo enviamos para valida\u00e7\u00e3o do Dataprev para disponibilizarmos o cronograma de desembolso\u201d, afirmou Mara Caseiro.<\/p>\n<p>A plataforma Mapa Cultural de Mato Grosso do Sul est\u00e1 alinhada ao Sistema Nacional de Informa\u00e7\u00e3o e Indicadores Culturais do Minist\u00e9rio da Cultura (SNIIC) e contribuir\u00e1 para a realiza\u00e7\u00e3o dos objetivos do Plano Nacional de Cultura. O sistema ser\u00e1 alimentado tanto pela popula\u00e7\u00e3o em geral, que se cadastra como agente cultural (individual ou coletivo), quanto por Secretarias Municipais e outras institui\u00e7\u00f5es p\u00fablicas e privadas que inserem na plataforma informa\u00e7\u00f5es sobre equipamentos culturais, programa\u00e7\u00f5es, editais e outros.<\/p>\n<p>Para continuar por dentro das a\u00e7\u00f5es da Funda\u00e7\u00e3o de Cultura de Mato Grosso do Sul, acompanhem nossas redes sociais no YouTube, Instagram e Facebook.<\/p>\n","protected":false},"excerpt":{"rendered":"<p>O Governo do Estado, por meio da Funda\u00e7\u00e3o de Cultura de Mato Grosso do Sul&#8230;<\/p>\n","protected":false},"author":13,"featured_media":0,"comment_status":"closed","ping_status":"closed","sticky":false,"template":"","format":"standard","meta":{"footnotes":""},"categories":[7],"tags":[],"class_list":["post-11709453","post","type-post","status-publish","format-standard","hentry","category-cultura"],"_links":{"self":[{"href":"https:\/\/www.corumbaonline.com.br\/news\/wp-json\/wp\/v2\/posts\/11709453","targetHints":{"allow":["GET"]}}],"collection":[{"href":"https:\/\/www.corumbaonline.com.br\/news\/wp-json\/wp\/v2\/posts"}],"about":[{"href":"https:\/\/www.corumbaonline.com.br\/news\/wp-json\/wp\/v2\/types\/post"}],"author":[{"embeddable":true,"href":"https:\/\/www.corumbaonline.com.br\/news\/wp-json\/wp\/v2\/users\/13"}],"replies":[{"embeddable":true,"href":"https:\/\/www.corumbaonline.com.br\/news\/wp-json\/wp\/v2\/comments?post=11709453"}],"version-history":[{"count":1,"href":"https:\/\/www.corumbaonline.com.br\/news\/wp-json\/wp\/v2\/posts\/11709453\/revisions"}],"predecessor-version":[{"id":11709455,"href":"https:\/\/www.corumbaonline.com.br\/news\/wp-json\/wp\/v2\/posts\/11709453\/revisions\/11709455"}],"wp:attachment":[{"href":"https:\/\/www.corumbaonline.com.br\/news\/wp-json\/wp\/v2\/media?parent=11709453"}],"wp:term":[{"taxonomy":"category","embeddable":true,"href":"https:\/\/www.corumbaonline.com.br\/news\/wp-json\/wp\/v2\/categories?post=11709453"},{"taxonomy":"post_tag","embeddable":true,"href":"https:\/\/www.corumbaonline.com.br\/news\/wp-json\/wp\/v2\/tags?post=11709453"}],"curies":[{"name":"wp","href":"https:\/\/api.w.org\/{rel}","templated":true}]}}