{"id":11709468,"date":"2020-10-08T09:40:00","date_gmt":"2020-10-08T13:40:00","guid":{"rendered":"http:\/\/www.corumbaonline.com.br\/news\/?p=11709468"},"modified":"2020-10-08T12:20:57","modified_gmt":"2020-10-08T16:20:57","slug":"caixa-libera-saque-do-auxilio-emergencial-para-nascidos-em-julho","status":"publish","type":"post","link":"https:\/\/www.corumbaonline.com.br\/news\/caixa-libera-saque-do-auxilio-emergencial-para-nascidos-em-julho\/","title":{"rendered":"Caixa libera saque do aux\u00edlio emergencial para nascidos em julho"},"content":{"rendered":"<p>A Caixa Econ\u00f4mica Federal libera hoje (8) os saques e transfer\u00eancias de parcelas do aux\u00edlio emergencial para 4 milh\u00f5es de pessoas nascidas em julho. Esses benefici\u00e1rios, que n\u00e3o fazem parte do Bolsa Fam\u00edlia, tiveram o dinheiro creditado na poupan\u00e7a social digital no dia 18 de setembro. Foram pagos, na ocasi\u00e3o, R$ 2,6 bilh\u00f5es para esse p\u00fablico, no ciclo 2 de pagamentos do programa.<img decoding=\"async\" src=\"https:\/\/agenciabrasil.ebc.com.br\/ebc.png?id=1390104&amp;o=node\" \/><img decoding=\"async\" src=\"https:\/\/agenciabrasil.ebc.com.br\/ebc.gif?id=1390104&amp;o=node\" \/><\/p>\n<p>Os saques em dinheiro podem ser feitos nas lot\u00e9ricas, correspondentes Caixa Aqui ou mesmo nas ag\u00eancias. A Caixa refor\u00e7a que n\u00e3o \u00e9 preciso madrugar nas filas \u00e0 espera de atendimento. Todas as pessoas que comparecerem, de segunda a sexta, das 8h \u00e0s 13h, ser\u00e3o atendidas no mesmo dia.<\/p>\n<p>Al\u00e9m disso, ainda \u00e9 poss\u00edvel movimentar os recursos pelo aplicativo Caixa Tem. Com ele \u00e9 poss\u00edvel pagar boletos e fazer compras na internet e nas maquininhas em diversos estabelecimentos comerciais.<\/p>\n<p>Para o saque em esp\u00e9cie, \u00e9 preciso fazer o\u00a0<em>login<\/em>\u00a0no aplicativo Caixa Tem, selecionar a op\u00e7\u00e3o \u201csaque sem cart\u00e3o\u201d e \u201cgerar c\u00f3digo de saque\u201d. Depois, o trabalhador deve inserir a senha para visualizar o c\u00f3digo de saque na tela do celular, com validade de uma hora. Esse c\u00f3digo deve ser utilizado para a retirada do dinheiro.<\/p>\n<h2>Calend\u00e1rio de pagamentos<\/h2>\n<p>O\u00a0<a href=\"https:\/\/agenciabrasil.ebc.com.br\/economia\/noticia\/2020-09\/caixa-detalha-calendario-de-pagamentos-do-auxilio-emergencial-extensao\" target=\"_blank\" rel=\"noopener noreferrer\">calend\u00e1rio de pagamentos<\/a>\u00a0do aux\u00edlio emergencial \u00e9 organizado em ciclos de cr\u00e9dito em conta poupan\u00e7a social digital e de saque em esp\u00e9cie. Os benefici\u00e1rios recebem a parcela a que t\u00eam direito no per\u00edodo, de acordo com o m\u00eas de nascimento. Para os benefici\u00e1rios nascidos em agosto, os saques e transfer\u00eancias ser\u00e3o liberados a partir da pr\u00f3xima ter\u00e7a-feira (13).<\/p>\n<p>No Ciclo 2 do aux\u00edlio emergencial, mais tr\u00eas p\u00fablicos foram inclu\u00eddos: trabalhadores que fizeram o cadastro nas ag\u00eancias dos Correios entre 2 de junho e 8 de julho; trabalhadores que fizeram a contesta\u00e7\u00e3o pelo\u00a0<em>site<\/em>\u00a0da Caixa ou App Caixa Aux\u00edlio Emergencial de 3 de julho a 16 de agosto e foram considerados eleg\u00edveis; benefici\u00e1rios que tenham recebido a primeira parcela em meses anteriores, mas que tiveram o benef\u00edcio reavaliado em agosto.<\/p>\n<p>Aqueles que tiveram os pagamentos retidos v\u00e3o receber todas as parcelas a que t\u00eam direito de uma s\u00f3 vez, dentro do ciclo 2. J\u00e1 os trabalhadores que optaram por realizar o cadastro nos Correios e aqueles que contestaram v\u00e3o receber a primeira parcela dentro do ciclo 2. As parcelas P2 e P3 ser\u00e3o pagas no ciclo 3 e as parcelas P4 e P5, no ciclo 4.<\/p>\n","protected":false},"excerpt":{"rendered":"<p>A Caixa Econ\u00f4mica Federal libera hoje (8) os saques e transfer\u00eancias de parcelas do aux\u00edlio&#8230;<\/p>\n","protected":false},"author":4,"featured_media":0,"comment_status":"closed","ping_status":"closed","sticky":false,"template":"","format":"standard","meta":{"footnotes":""},"categories":[9],"tags":[],"class_list":["post-11709468","post","type-post","status-publish","format-standard","hentry","category-economia"],"_links":{"self":[{"href":"https:\/\/www.corumbaonline.com.br\/news\/wp-json\/wp\/v2\/posts\/11709468","targetHints":{"allow":["GET"]}}],"collection":[{"href":"https:\/\/www.corumbaonline.com.br\/news\/wp-json\/wp\/v2\/posts"}],"about":[{"href":"https:\/\/www.corumbaonline.com.br\/news\/wp-json\/wp\/v2\/types\/post"}],"author":[{"embeddable":true,"href":"https:\/\/www.corumbaonline.com.br\/news\/wp-json\/wp\/v2\/users\/4"}],"replies":[{"embeddable":true,"href":"https:\/\/www.corumbaonline.com.br\/news\/wp-json\/wp\/v2\/comments?post=11709468"}],"version-history":[{"count":1,"href":"https:\/\/www.corumbaonline.com.br\/news\/wp-json\/wp\/v2\/posts\/11709468\/revisions"}],"predecessor-version":[{"id":11709471,"href":"https:\/\/www.corumbaonline.com.br\/news\/wp-json\/wp\/v2\/posts\/11709468\/revisions\/11709471"}],"wp:attachment":[{"href":"https:\/\/www.corumbaonline.com.br\/news\/wp-json\/wp\/v2\/media?parent=11709468"}],"wp:term":[{"taxonomy":"category","embeddable":true,"href":"https:\/\/www.corumbaonline.com.br\/news\/wp-json\/wp\/v2\/categories?post=11709468"},{"taxonomy":"post_tag","embeddable":true,"href":"https:\/\/www.corumbaonline.com.br\/news\/wp-json\/wp\/v2\/tags?post=11709468"}],"curies":[{"name":"wp","href":"https:\/\/api.w.org\/{rel}","templated":true}]}}