{"id":11709484,"date":"2020-10-08T19:00:00","date_gmt":"2020-10-08T23:00:00","guid":{"rendered":"http:\/\/www.corumbaonline.com.br\/news\/?p=11709484"},"modified":"2020-10-08T22:12:35","modified_gmt":"2020-10-09T02:12:35","slug":"prf-inicia-operacao-nossa-senhora-de-aparecida-2020-no-ms","status":"publish","type":"post","link":"https:\/\/www.corumbaonline.com.br\/news\/prf-inicia-operacao-nossa-senhora-de-aparecida-2020-no-ms\/","title":{"rendered":"PRF inicia Opera\u00e7\u00e3o Nossa Senhora de Aparecida 2020 no MS"},"content":{"rendered":"<p>A Pol\u00edcia Rodovi\u00e1ria Federal (PRF) dar\u00e1 in\u00edcio, \u00e0 zero hora desta sexta-feira (9), a Opera\u00e7\u00e3o Nossa Senhora de Aparecida 2020, em Mato Grosso do Sul. A Opera\u00e7\u00e3o ter\u00e1 a dura\u00e7\u00e3o de quatro dias, terminando \u00e0s 23h59 de segunda (12).<\/p>\n<p>Neste per\u00edodo, a PRF promover\u00e1 o monitoramento dos indicadores de criminalidade e acidentalidade, bem como o direcionamento de efetivo no policiamento ostensivo preventivo em locais e hor\u00e1rios de maior incid\u00eancia de acidentes graves e de criminalidade, para garantir aos usu\u00e1rios das rodovias federais seguran\u00e7a, conforto e fluidez do tr\u00e2nsito.<\/p>\n<h2><b>Restri\u00e7\u00e3o de tr\u00e1fego<\/b><\/h2>\n<p>Para melhorar a seguran\u00e7a, o feriado contar\u00e1 com restri\u00e7\u00e3o de tr\u00e1fego em trechos rodovi\u00e1rios de pista simples. O descumprimento constitui infra\u00e7\u00e3o de tr\u00e2nsito de natureza m\u00e9dia (5 pontos) e multa de R$ 130,16, sendo que o motorista s\u00f3 poder\u00e1 voltar a circular ap\u00f3s o t\u00e9rmino do hor\u00e1rio da restri\u00e7\u00e3o.<\/p>\n<p>\u00c9 proibido o tr\u00e2nsito de ve\u00edculos ou combina\u00e7\u00f5es de ve\u00edculos, pass\u00edveis ou n\u00e3o de autoriza\u00e7\u00e3o especial de tr\u00e2nsito (AET) ou autoriza\u00e7\u00e3o espec\u00edfica (AE), cujo peso ou dimens\u00e3o exceda qualquer um dos seguintes limites regulamentares:<\/p>\n<p>Largura m\u00e1xima: 2,60 metros;<\/p>\n<p>Altura m\u00e1xima: 4,40 metros;<\/p>\n<p>Comprimento total de 19,80 metros; e<\/p>\n<p>Peso Bruto Total Combinado (PBTC) para ve\u00edculos ou combina\u00e7\u00f5es de ve\u00edculos: 57 toneladas.<\/p>\n<h3><strong>Hor\u00e1rio de restri\u00e7\u00e3o nas rodovias federais do pa\u00eds:<\/strong><\/h3>\n<p>Sexta-feira, 09\/10\/2020 das 16h \u00e0s 22h<\/p>\n<p>S\u00e1bado, 10\/10\/2020 das 6h \u00e0s 12h<\/p>\n<p>Segunda-feira, 12\/10\/2020 das 16h \u00e0s 22h<\/p>\n<h2><b>Resultados 2020<\/b><\/h2>\n<p>A divulga\u00e7\u00e3o do balan\u00e7o de acidentes registrados durante a Opera\u00e7\u00e3o Nossa Senhora de Aparecida 2020 est\u00e1 previsto para a ter\u00e7a-feira (13), n\u00e3o havendo a divulga\u00e7\u00e3o de parciais durante o feriado.<\/p>\n<h2><b>Resultados 2019<\/b><\/h2>\n<p>Durante a Opera\u00e7\u00e3o, no ano passado, foram registrados 17 acidentes, sendo 3 graves. Ao todo, 19 pessoas ficaram feridas e uma morreu.<\/p>\n<p>As autua\u00e7\u00f5es pelo n\u00e3o uso do cinto de seguran\u00e7a foram 118, sendo 29 por parte dos motoristas e 89 dos passageiros. Crian\u00e7as sendo transportadas fora da cadeirinha, assento de eleva\u00e7\u00e3o ou beb\u00ea conforto resultaram em 23 autua\u00e7\u00f5es. Foram observadas 240 infra\u00e7\u00f5es de ultrapassagem cometidas, sendo 225 ultrapassagens em faixa dupla cont\u00ednua.<\/p>\n<p>Nas fiscaliza\u00e7\u00f5es de alcoolemia, 73 condutores foram flagrados por dirigirem sob efeito de \u00e1lcool. 8 motoristas foram presos<\/p>\n<p><img loading=\"lazy\" decoding=\"async\" class=\"aligncenter size-large wp-image-141195\" src=\"https:\/\/www.prf.gov.br\/agencia\/wp-content\/uploads\/2020\/10\/PRF-inicia-Opera%C3%A7%C3%A3o-Nossa-Senhora-Aparecida-no-MS-640x800.jpeg\" sizes=\"auto, (max-width: 640px) 100vw, 640px\" srcset=\"https:\/\/www.prf.gov.br\/agencia\/wp-content\/uploads\/2020\/10\/PRF-inicia-Opera\u00e7\u00e3o-Nossa-Senhora-Aparecida-no-MS-640x800.jpeg 640w, https:\/\/www.prf.gov.br\/agencia\/wp-content\/uploads\/2020\/10\/PRF-inicia-Opera\u00e7\u00e3o-Nossa-Senhora-Aparecida-no-MS-160x200.jpeg 160w, https:\/\/www.prf.gov.br\/agencia\/wp-content\/uploads\/2020\/10\/PRF-inicia-Opera\u00e7\u00e3o-Nossa-Senhora-Aparecida-no-MS-768x960.jpeg 768w, https:\/\/www.prf.gov.br\/agencia\/wp-content\/uploads\/2020\/10\/PRF-inicia-Opera\u00e7\u00e3o-Nossa-Senhora-Aparecida-no-MS.jpeg 1024w\" alt=\"\" width=\"640\" height=\"800\" \/><\/p>\n","protected":false},"excerpt":{"rendered":"<p>A Pol\u00edcia Rodovi\u00e1ria Federal (PRF) dar\u00e1 in\u00edcio, \u00e0 zero hora desta sexta-feira (9), a Opera\u00e7\u00e3o&#8230;<\/p>\n","protected":false},"author":14,"featured_media":0,"comment_status":"closed","ping_status":"closed","sticky":false,"template":"","format":"standard","meta":{"footnotes":""},"categories":[18],"tags":[],"class_list":["post-11709484","post","type-post","status-publish","format-standard","hentry","category-seguranca"],"_links":{"self":[{"href":"https:\/\/www.corumbaonline.com.br\/news\/wp-json\/wp\/v2\/posts\/11709484","targetHints":{"allow":["GET"]}}],"collection":[{"href":"https:\/\/www.corumbaonline.com.br\/news\/wp-json\/wp\/v2\/posts"}],"about":[{"href":"https:\/\/www.corumbaonline.com.br\/news\/wp-json\/wp\/v2\/types\/post"}],"author":[{"embeddable":true,"href":"https:\/\/www.corumbaonline.com.br\/news\/wp-json\/wp\/v2\/users\/14"}],"replies":[{"embeddable":true,"href":"https:\/\/www.corumbaonline.com.br\/news\/wp-json\/wp\/v2\/comments?post=11709484"}],"version-history":[{"count":1,"href":"https:\/\/www.corumbaonline.com.br\/news\/wp-json\/wp\/v2\/posts\/11709484\/revisions"}],"predecessor-version":[{"id":11709485,"href":"https:\/\/www.corumbaonline.com.br\/news\/wp-json\/wp\/v2\/posts\/11709484\/revisions\/11709485"}],"wp:attachment":[{"href":"https:\/\/www.corumbaonline.com.br\/news\/wp-json\/wp\/v2\/media?parent=11709484"}],"wp:term":[{"taxonomy":"category","embeddable":true,"href":"https:\/\/www.corumbaonline.com.br\/news\/wp-json\/wp\/v2\/categories?post=11709484"},{"taxonomy":"post_tag","embeddable":true,"href":"https:\/\/www.corumbaonline.com.br\/news\/wp-json\/wp\/v2\/tags?post=11709484"}],"curies":[{"name":"wp","href":"https:\/\/api.w.org\/{rel}","templated":true}]}}