{"id":11709498,"date":"2020-10-09T09:05:00","date_gmt":"2020-10-09T13:05:00","guid":{"rendered":"http:\/\/www.corumbaonline.com.br\/news\/?p=11709498"},"modified":"2020-10-09T09:34:52","modified_gmt":"2020-10-09T13:34:52","slug":"ifms-abre-prazo-de-matriculas-para-curso-de-graduacao-em-corumba","status":"publish","type":"post","link":"https:\/\/www.corumbaonline.com.br\/news\/ifms-abre-prazo-de-matriculas-para-curso-de-graduacao-em-corumba\/","title":{"rendered":"IFMS abre prazo de matr\u00edculas para curso de gradua\u00e7\u00e3o em Corumb\u00e1"},"content":{"rendered":"<p>Os candidatos aprovados na sele\u00e7\u00e3o para ingresso no curso superior de tecnologia em An\u00e1lise e Desenvolvimento de Sistemas oferecido pelo Instituto Federal de Mato Grosso do Sul (IFMS) em Corumb\u00e1 podem fazer a matr\u00edcula at\u00e9 15 de outubro.<\/p>\n<p>O\u00a0<a title=\"resultado final do processo seletivo\" href=\"http:\/\/www.ifms.edu.br:9000\/lists\/lt.php?tid=KxkGAlNeBQZSU0tQAVJWTlBdVFFOWAgOVRsAXwFRAFdWVwcHUQEfAlACX1IGB1VOVgELAU4NWV4PG1pUVFdPAldQAQcBXVsAWgNUH1ICAwYCUlcDTghaXAYbDFZQBk8JVlZUH1AKVgBWAgNWVAIABw\" target=\"_blank\" rel=\"noopener noreferrer\">resultado final do processo seletivo<\/a>\u00a0foi divulgado nessa quinta-feira, 8, na\u00a0<a title=\"Central de Sele\u00e7\u00e3o do IFMS\" href=\"http:\/\/www.ifms.edu.br:9000\/lists\/lt.php?tid=KxkGUwAAWlVRVEsGDlZSTlAEAFNOAF5bABsOBQJWUgcHUAIEXA0fAlACX1IGB1VOVgELAU4NWV4PG1pUVFdPAldQAQcBXVsAWgNUH1ICAwYCUlcDTghaXAYbDFZQBk8JVlZUH1AKVgBWAgNWVAIABw\" target=\"_blank\" rel=\"noopener noreferrer\">Central de Sele\u00e7\u00e3o do IFMS<\/a>, onde tamb\u00e9m est\u00e3o dispon\u00edveis as\u00a0<a title=\"instru\u00e7\u00f5es para a realiza\u00e7\u00e3o da matr\u00edcula online e manifesta\u00e7\u00e3o de interesse na vaga\" href=\"http:\/\/www.ifms.edu.br:9000\/lists\/lt.php?tid=KxkEAAMKUlZQUktSVlJWTlBTCwROAFoNVRsPVwsKVQlQUFECAwwfAlACX1IGB1VOVgELAU4NWV4PG1pUVFdPAldQAQcBXVsAWgNUH1ICAwYCUlcDTghaXAYbDFZQBk8JVlZUH1AKVgBWAgNWVAIABw\" target=\"_blank\" rel=\"noopener noreferrer\">instru\u00e7\u00f5es para a realiza\u00e7\u00e3o da matr\u00edcula online e manifesta\u00e7\u00e3o de interesse na vaga<\/a>.<\/p>\n<p>Os candidatos &#8216;aptos \u00e0 matr\u00edcula&#8217; devem se matricular no\u00a0<a title=\"sistema de matr\u00edculas online do IFMS\" href=\"http:\/\/www.ifms.edu.br:9000\/lists\/lt.php?tid=KxkHVAMAWgEBUksGVgJUTlADAQdOAF0NBxsOVFMKUANbBgwDB10fAlACX1IGB1VOVgELAU4NWV4PG1pUVFdPAldQAQcBXVsAWgNUH1ICAwYCUlcDTghaXAYbDFZQBk8JVlZUH1AKVgBWAgNWVAIABw\" target=\"_blank\" rel=\"noopener noreferrer\">sistema de matr\u00edculas online do IFMS<\/a>. No mesmo sistema, os candidatos em &#8216;lista de espera&#8217; podem\u00a0manifestar interesse na vaga.<\/p>\n<p>No ato da matr\u00edcula, s\u00e3o necess\u00e1rios os seguintes documentos digitalizados:<\/p>\n<p>&#8211;\u00a0<a title=\"requerimento de matr\u00edcula\" href=\"http:\/\/www.ifms.edu.br:9000\/lists\/lt.php?tid=KxlWUQRZAgJUAksHUVIGTlBWCgROWAEJVxtaBFAEB1UGVVdRBl4fAlACX1IGB1VOVgELAU4NWV4PG1pUVFdPAldQAQcBXVsAWgNUH1ICAwYCUlcDTghaXAYbDFZQBk8JVlZUH1AKVgBWAgNWVAIABw\" target=\"_blank\" rel=\"noopener noreferrer\">requerimento de matr\u00edcula<\/a>\u00a0preenchido e assinado, no qual dever\u00e1 constar o n\u00famero do CPF do candidato;<br \/>\n&#8211; carteira de identidade (RG) ou outro documento oficial de identifica\u00e7\u00e3o com foto;<br \/>\n&#8211; documento que comprove estar em dia com o Servi\u00e7o Militar, para os brasileiros entre 19 e 45 anos de idade completos ou a serem completados at\u00e9 31 de dezembro do ano corrente;<br \/>\n&#8211; 1 (uma) foto 3&#215;4 recente;<br \/>\n&#8211; os candidatos estrangeiros devem apresentar Registro Nacional de Estrangeiro (RNE) e do Passaporte com visto de estudante, ou de outro documento que, por previs\u00e3o legal, permita que o estrangeiro estude no Brasil;<br \/>\n&#8211; diploma de curso superior reconhecido pelo MEC, para candidatos portadores de diploma;<br \/>\n&#8211; comprovante de matr\u00edcula recente de curso superior autorizado ou reconhecido pelo MEC, aos que est\u00e3o cursando curso superior (transfer\u00eancia externa);<br \/>\n&#8211; hist\u00f3rico acad\u00eamico\/escolar, com carga hor\u00e1ria, notas ou men\u00e7\u00f5es das unidades curriculares.<\/p>\n<p>A documenta\u00e7\u00e3o dever\u00e1 ser digitalizada a partir dos originais, estar leg\u00edvel e\u00a0com, no m\u00e1ximo, 5 megabytes cada, sendo aceitas imagens nos formatos .png, .jpg ou .jpeg e textos nos formatos\u00a0.pdf, .doc, .docx ou .odf.<\/p>\n<p><strong>Sele\u00e7\u00e3o<\/strong>\u00a0&#8211;\u00a0Foram ofertadas 13 vagas,\u00a0sendo 5 para portadores de diploma, 4 para reingresso, 2 para transfer\u00eancia interna e 2 para transfer\u00eancia externa.<\/p>\n<p>A sele\u00e7\u00e3o foi feita\u00a0por uma comiss\u00e3o, com base na documenta\u00e7\u00e3o apresentada pelos candidatos no ato da inscri\u00e7\u00e3o.<\/p>\n<p>Para o reingresso foi analisado o Coeficiente de Rendimento (CR) do candidato. Para as outras modalidades, foram observados o hist\u00f3rico escolar e as ementas dos cursos.<\/p>\n<p>Foi verificado se as unidades curriculares cursadas na institui\u00e7\u00e3o de origem ou curso atendiam ao conte\u00fado program\u00e1tico do curso que o candidato desejava ingressar no IFMS.<\/p>\n<p>Na an\u00e1lise, foram levadas em considera\u00e7\u00e3o a similaridade de conte\u00fados e de carga hor\u00e1ria entre as unidades curriculares. N\u00e3o foram considerados o est\u00e1gio, atividades complementares ou o Trabalho de Conclus\u00e3o de Curso (TCC).<\/p>\n","protected":false},"excerpt":{"rendered":"<p>Os candidatos aprovados na sele\u00e7\u00e3o para ingresso no curso superior de tecnologia em An\u00e1lise e&#8230;<\/p>\n","protected":false},"author":9,"featured_media":0,"comment_status":"closed","ping_status":"closed","sticky":false,"template":"","format":"standard","meta":{"footnotes":""},"categories":[10],"tags":[],"class_list":["post-11709498","post","type-post","status-publish","format-standard","hentry","category-educacao"],"_links":{"self":[{"href":"https:\/\/www.corumbaonline.com.br\/news\/wp-json\/wp\/v2\/posts\/11709498","targetHints":{"allow":["GET"]}}],"collection":[{"href":"https:\/\/www.corumbaonline.com.br\/news\/wp-json\/wp\/v2\/posts"}],"about":[{"href":"https:\/\/www.corumbaonline.com.br\/news\/wp-json\/wp\/v2\/types\/post"}],"author":[{"embeddable":true,"href":"https:\/\/www.corumbaonline.com.br\/news\/wp-json\/wp\/v2\/users\/9"}],"replies":[{"embeddable":true,"href":"https:\/\/www.corumbaonline.com.br\/news\/wp-json\/wp\/v2\/comments?post=11709498"}],"version-history":[{"count":1,"href":"https:\/\/www.corumbaonline.com.br\/news\/wp-json\/wp\/v2\/posts\/11709498\/revisions"}],"predecessor-version":[{"id":11709499,"href":"https:\/\/www.corumbaonline.com.br\/news\/wp-json\/wp\/v2\/posts\/11709498\/revisions\/11709499"}],"wp:attachment":[{"href":"https:\/\/www.corumbaonline.com.br\/news\/wp-json\/wp\/v2\/media?parent=11709498"}],"wp:term":[{"taxonomy":"category","embeddable":true,"href":"https:\/\/www.corumbaonline.com.br\/news\/wp-json\/wp\/v2\/categories?post=11709498"},{"taxonomy":"post_tag","embeddable":true,"href":"https:\/\/www.corumbaonline.com.br\/news\/wp-json\/wp\/v2\/tags?post=11709498"}],"curies":[{"name":"wp","href":"https:\/\/api.w.org\/{rel}","templated":true}]}}