{"id":11709500,"date":"2020-10-09T09:16:00","date_gmt":"2020-10-09T13:16:00","guid":{"rendered":"http:\/\/www.corumbaonline.com.br\/news\/?p=11709500"},"modified":"2020-10-09T10:07:55","modified_gmt":"2020-10-09T14:07:55","slug":"casos-de-covid-19-batem-recorde-na-franca","status":"publish","type":"post","link":"https:\/\/www.corumbaonline.com.br\/news\/casos-de-covid-19-batem-recorde-na-franca\/","title":{"rendered":"Casos de covid-19 batem recorde na Fran\u00e7a"},"content":{"rendered":"<p>As novas infec\u00e7\u00f5es di\u00e1rias por covid-19 na Fran\u00e7a permaneceram acima da marca recorde de 18 mil pelo segundo dia consecutivo nessa\u00a0quinta-feira (8). O n\u00famero de pessoas doentes sendo tratadas em hospitais tamb\u00e9m aumentou.<img decoding=\"async\" src=\"https:\/\/agenciabrasil.ebc.com.br\/ebc.png?id=1390206&amp;o=node\" \/><img decoding=\"async\" src=\"https:\/\/agenciabrasil.ebc.com.br\/ebc.gif?id=1390206&amp;o=node\" \/><\/p>\n<p>Os n\u00fameros foram divulgados pouco antes de o ministro da Sa\u00fade do pa\u00eds, Olivier Veran, anunciar, em entrevista coletiva, novas restri\u00e7\u00f5es para conter a doen\u00e7a.<\/p>\n<p>Os hospitais da regi\u00e3o de Paris entraram em situa\u00e7\u00e3o de emerg\u00eancia, cancelando os feriados da equipe e adiando opera\u00e7\u00f5es n\u00e3o essenciais, uma vez que os pacientes com o novo coronav\u00edrus representavam quase metade de todos os pacientes em unidades de terapia intensiva (UTIs).<\/p>\n<p>Veran anunciou que as cidades de Lyon, Lille, Grenoble e Saint-Etienne ficar\u00e3o em alerta m\u00e1ximo para a covid-19, n\u00edvel alcan\u00e7ado por Paris e Marselha, a partir de\u00a0s\u00e1bado\u00a0(10), o que desencadear\u00e1 novas medidas para conter a circula\u00e7\u00e3o do novo coronav\u00edrus nessas cidades.<\/p>\n<p>Ele disse que a situa\u00e7\u00e3o em Toulousse e Montpellier tamb\u00e9m \u00e9 preocupante e que essas cidades tamb\u00e9m podem ir para o alerta m\u00e1ximo a partir de\u00a0segunda\u00a0(12). Dijon e Clermont-Ferrand podem ir para um n\u00edvel maior de alerta a partir de\u00a0s\u00e1bado, acrescentou.\u00a0&#8220;Infelizmente, a situa\u00e7\u00e3o na Fran\u00e7a continua a deteriorar&#8221;.<\/p>\n<p>O n\u00famero de pessoas internadas com a doen\u00e7a na Fran\u00e7a atingiu seu maior patamar em tr\u00eas meses, de 7.624, um salto de 88 casos em 24 horas. Esse total ainda \u00e9 menor do que o pico de\u00a014 de abril, de 32.292, mas est\u00e1 acima da m\u00ednima de\u00a029 de agosto, de 4.530.<\/p>\n<p>Havia mais 11 pacientes em UTIs com a doen\u00e7a, totalizando 1.427, uma contagem quase quatro vezes maior do que a m\u00ednima de\u00a031 de julho, de 371.<\/p>\n<p>O n\u00famero de pessoas que morreram de covid-19 na Fran\u00e7a aumentou em 76, n\u00famero superior \u00e0 m\u00e9dia m\u00f3vel de sete dias, de 73, e que agora totaliza 32.521 \u00f3bitos.<\/p>\n","protected":false},"excerpt":{"rendered":"<p>As novas infec\u00e7\u00f5es di\u00e1rias por covid-19 na Fran\u00e7a permaneceram acima da marca recorde de 18&#8230;<\/p>\n","protected":false},"author":4,"featured_media":0,"comment_status":"closed","ping_status":"closed","sticky":false,"template":"","format":"standard","meta":{"footnotes":""},"categories":[15],"tags":[],"class_list":["post-11709500","post","type-post","status-publish","format-standard","hentry","category-internacional"],"_links":{"self":[{"href":"https:\/\/www.corumbaonline.com.br\/news\/wp-json\/wp\/v2\/posts\/11709500","targetHints":{"allow":["GET"]}}],"collection":[{"href":"https:\/\/www.corumbaonline.com.br\/news\/wp-json\/wp\/v2\/posts"}],"about":[{"href":"https:\/\/www.corumbaonline.com.br\/news\/wp-json\/wp\/v2\/types\/post"}],"author":[{"embeddable":true,"href":"https:\/\/www.corumbaonline.com.br\/news\/wp-json\/wp\/v2\/users\/4"}],"replies":[{"embeddable":true,"href":"https:\/\/www.corumbaonline.com.br\/news\/wp-json\/wp\/v2\/comments?post=11709500"}],"version-history":[{"count":1,"href":"https:\/\/www.corumbaonline.com.br\/news\/wp-json\/wp\/v2\/posts\/11709500\/revisions"}],"predecessor-version":[{"id":11709501,"href":"https:\/\/www.corumbaonline.com.br\/news\/wp-json\/wp\/v2\/posts\/11709500\/revisions\/11709501"}],"wp:attachment":[{"href":"https:\/\/www.corumbaonline.com.br\/news\/wp-json\/wp\/v2\/media?parent=11709500"}],"wp:term":[{"taxonomy":"category","embeddable":true,"href":"https:\/\/www.corumbaonline.com.br\/news\/wp-json\/wp\/v2\/categories?post=11709500"},{"taxonomy":"post_tag","embeddable":true,"href":"https:\/\/www.corumbaonline.com.br\/news\/wp-json\/wp\/v2\/tags?post=11709500"}],"curies":[{"name":"wp","href":"https:\/\/api.w.org\/{rel}","templated":true}]}}