{"id":11709524,"date":"2020-10-13T09:00:00","date_gmt":"2020-10-13T13:00:00","guid":{"rendered":"http:\/\/www.corumbaonline.com.br\/news\/?p=11709524"},"modified":"2020-10-13T22:49:03","modified_gmt":"2020-10-14T02:49:03","slug":"trabalhadores-devem-ficar-atentos-aos-prazos-para-inscricao-no-auxilio-emergencial-cultural","status":"publish","type":"post","link":"https:\/\/www.corumbaonline.com.br\/news\/trabalhadores-devem-ficar-atentos-aos-prazos-para-inscricao-no-auxilio-emergencial-cultural\/","title":{"rendered":"Trabalhadores devem ficar atentos aos prazos para inscri\u00e7\u00e3o no auxilio emergencial cultural"},"content":{"rendered":"<p style=\"box-sizing: border-box; margin-bottom: 2em; font-size: 16px; line-height: 1.8em; text-align: justify; color: #212529; font-family: 'Open Sans', sans-serif;\">Com o lan\u00e7amento da nova plataforma online Mapa Cultural de MS, ferramenta que vai auxiliar o Estado tanto no cadastramento e distribui\u00e7\u00e3o dos recursos previstos na Lei Aldir Blanc de Emerg\u00eancia Cultural, os trabalhadores devem ficar atentos aos prazos previstos.<\/p>\n<p style=\"box-sizing: border-box; margin-top: 0px; margin-bottom: 2em; font-size: 16px; line-height: 1.8em; text-align: justify; color: #212529; font-family: 'Open Sans', sans-serif;\">A diretora-presidente da FCMS, Mara Caseiro, alerta que o prazo final \u00e9 20 de outubro.<\/p>\n<p style=\"box-sizing: border-box; margin-top: 0px; margin-bottom: 2em; font-size: 16px; line-height: 1.8em; text-align: justify; color: #212529; font-family: 'Open Sans', sans-serif;\">Com aporte de R$ 20 milh\u00f5es, a previs\u00e3o \u00e9 de que a lei beneficie seis mil pessoas com renda b\u00e1sica emergencial (inciso I), al\u00e9m de fomento \u00e0 cultura e aux\u00edlio para espa\u00e7os culturais de R$ 3 a 10 mil por espa\u00e7o (inciso III).<\/p>\n<p style=\"box-sizing: border-box; margin-top: 0px; margin-bottom: 2em; font-size: 16px; line-height: 1.8em; text-align: justify; color: #212529; font-family: 'Open Sans', sans-serif;\">No site\u00a0<a style=\"box-sizing: border-box; color: #444444; text-decoration-line: none; background-color: transparent;\" href=\"http:\/\/www.fundacaodecultura.ms.gov.br\/leialdirblanc\">www.fundacaodecultura.ms.gov.br\/leialdirblanc<\/a>\u00a0tamb\u00e9m \u00e9 poss\u00edvel encontrar uma cartilha com informa\u00e7\u00f5es detalhadas sobre a Lei, al\u00e9m do link para o cadastro de trabalhadores.<\/p>\n","protected":false},"excerpt":{"rendered":"<p>Com o lan\u00e7amento da nova plataforma online Mapa Cultural de MS, ferramenta que vai auxiliar&#8230;<\/p>\n","protected":false},"author":13,"featured_media":0,"comment_status":"closed","ping_status":"closed","sticky":false,"template":"","format":"standard","meta":{"footnotes":""},"categories":[7],"tags":[],"class_list":["post-11709524","post","type-post","status-publish","format-standard","hentry","category-cultura"],"_links":{"self":[{"href":"https:\/\/www.corumbaonline.com.br\/news\/wp-json\/wp\/v2\/posts\/11709524","targetHints":{"allow":["GET"]}}],"collection":[{"href":"https:\/\/www.corumbaonline.com.br\/news\/wp-json\/wp\/v2\/posts"}],"about":[{"href":"https:\/\/www.corumbaonline.com.br\/news\/wp-json\/wp\/v2\/types\/post"}],"author":[{"embeddable":true,"href":"https:\/\/www.corumbaonline.com.br\/news\/wp-json\/wp\/v2\/users\/13"}],"replies":[{"embeddable":true,"href":"https:\/\/www.corumbaonline.com.br\/news\/wp-json\/wp\/v2\/comments?post=11709524"}],"version-history":[{"count":1,"href":"https:\/\/www.corumbaonline.com.br\/news\/wp-json\/wp\/v2\/posts\/11709524\/revisions"}],"predecessor-version":[{"id":11709525,"href":"https:\/\/www.corumbaonline.com.br\/news\/wp-json\/wp\/v2\/posts\/11709524\/revisions\/11709525"}],"wp:attachment":[{"href":"https:\/\/www.corumbaonline.com.br\/news\/wp-json\/wp\/v2\/media?parent=11709524"}],"wp:term":[{"taxonomy":"category","embeddable":true,"href":"https:\/\/www.corumbaonline.com.br\/news\/wp-json\/wp\/v2\/categories?post=11709524"},{"taxonomy":"post_tag","embeddable":true,"href":"https:\/\/www.corumbaonline.com.br\/news\/wp-json\/wp\/v2\/tags?post=11709524"}],"curies":[{"name":"wp","href":"https:\/\/api.w.org\/{rel}","templated":true}]}}