{"id":11709554,"date":"2020-10-15T08:17:00","date_gmt":"2020-10-15T12:17:00","guid":{"rendered":"http:\/\/www.corumbaonline.com.br\/news\/?p=11709554"},"modified":"2020-10-15T09:24:31","modified_gmt":"2020-10-15T13:24:31","slug":"alms-quatro-projetos-estao-previstos-para-a-ordem-do-dia-da-sessao-desta-quinta-feira","status":"publish","type":"post","link":"https:\/\/www.corumbaonline.com.br\/news\/alms-quatro-projetos-estao-previstos-para-a-ordem-do-dia-da-sessao-desta-quinta-feira\/","title":{"rendered":"ALMS: quatro projetos est\u00e3o previstos para a Ordem do Dia da sess\u00e3o desta quinta-feira"},"content":{"rendered":"<p>Os deputados estaduais devem votar quatro propostas durante a sess\u00e3o ordin\u00e1ria da Assembleia Legislativa de Mato Grosso do Sul (ALEMS) nesta quinta-feira (15). Duas mat\u00e9rias est\u00e3o previstas para retornar ao plen\u00e1rio para segunda vota\u00e7\u00e3o e duas est\u00e3o pautadas para primeira discuss\u00e3o.<\/p>\n<p>Aprovado na sess\u00e3o de ter\u00e7a-feira (13), em primeira discuss\u00e3o, o\u00a0<a href=\"http:\/\/sgpl.consulta.al.ms.gov.br\/sgpl-publico\/#\/linha-tempo?idProposicao=90738\" target=\"_blank\" rel=\"noopener noreferrer\">Projeto de Lei Complementar 5\/2020<\/a>\u00a0est\u00e1 pautado para ser votado hoje, em segunda. A proposta, do Poder Executivo, altera a reda\u00e7\u00e3o e acrescenta dispositivos na\u00a0<ins><a href=\"http:\/\/aacpdappls.net.ms.gov.br\/appls\/legislacao\/secoge\/govato.nsf\/66ecc3cfb53d53ff04256b140049444b\/cc3aad25c09897f804256c0000561af3?OpenDocument\" target=\"_blank\" rel=\"noopener noreferrer\">Lei Complementar 87<\/a><\/ins>, de 31 de janeiro de 2000, que disp\u00f5e sobre o Estatuto dos Profissionais da Educa\u00e7\u00e3o B\u00e1sica do Estado.<\/p>\n<p>O projeto busca o cumprimento da integraliza\u00e7\u00e3o do piso nacional atualizado de 40 horas ao professor com carga hor\u00e1ria de 20 horas semanais.\u00a0Em reuni\u00e3o realizada no dia 14\u00ba deste m\u00eas\u00a0(<ins><a href=\"https:\/\/al.ms.gov.br\/Noticias\/98608\/deputados-e-educadores-debatem-projeto-que-altera-estatuto-da-educacao-basica\" target=\"_blank\" rel=\"noopener noreferrer\">veja mat\u00e9ria<\/a><\/ins>), o presidente da Comiss\u00e3o de Educa\u00e7\u00e3o da Casa de Leis, deputado Pedro Kemp (PT), informou que as negocia\u00e7\u00f5es entre profissionais e o Governo do Estado ocorreram ao longo de cinco anos e o projeto atende ao anseio da categoria.<\/p>\n<p>Tamb\u00e9m est\u00e1 pautado, para segunda vota\u00e7\u00e3o, o\u00a0<a href=\"http:\/\/sgpl.consulta.al.ms.gov.br\/sgpl-publico\/#\/linha-tempo?idProposicao=87677\" target=\"_blank\" rel=\"noopener noreferrer\">Projeto de Lei 312\/2019<\/a>, de autoria do deputado Renato C\u00e2mara (MDB). A proposta cria a Semana Estadual de Incentivo \u00e0 Aten\u00e7\u00e3o Fisioterap\u00eautica e Terap\u00eautica Ocupacional, a ser comemorada, anualmente, na terceira semana do m\u00eas de outubro.<\/p>\n<p>Para primeira discuss\u00e3o, est\u00e3o previstos os Projetos de Lei\u00a0<a href=\"http:\/\/sgpl.consulta.al.ms.gov.br\/sgpl-publico\/#\/linha-tempo?idProposicao=90295\" target=\"_blank\" rel=\"noopener noreferrer\">158\/2020<\/a>\u00a0e\u00a0<a href=\"http:\/\/sgpl.consulta.al.ms.gov.br\/sgpl-publico\/#\/linha-tempo?idProposicao=90639\" target=\"_blank\" rel=\"noopener noreferrer\">176\/2020<\/a>. O primeiro, de autoria do deputado Ant\u00f4nio Vaz (Republicanos), institui um programa de capacita\u00e7\u00e3o para profissionais da \u00e1rea de educa\u00e7\u00e3o para atua\u00e7\u00e3o na preven\u00e7\u00e3o ao uso de drogas entre crian\u00e7as, adolescentes e jovens. J\u00e1 o Projeto de Lei 176\/2020, do Poder Executivo, altera a\u00a0<a href=\"http:\/\/www.tce.ms.gov.br\/storage\/docdigital\/\/2002\/09\/1_3_2002_2518.pdf\" target=\"_blank\" rel=\"noopener noreferrer\">Lei 2.518\/2002<\/a>, que institui a carreira de Seguran\u00e7a Penitenci\u00e1ria no Grupo Ocupacional Seguran\u00e7a do Plano de Cargos, Empregos e Carreira.<\/p>\n<p>As sess\u00f5es ordin\u00e1rias da ALEMS continuam sendo realizadas remotamente. T\u00eam in\u00edcio \u00e0s 9h e s\u00e3o transmitidas pela\u00a0<a href=\"https:\/\/al.ms.gov.br\/TvAssembleia\" target=\"_blank\" rel=\"noopener noreferrer\">TV ALEMS<\/a>,\u00a0<a href=\"https:\/\/al.ms.gov.br\/RadioAssembleia\/Audios?idMenu=601\" target=\"_blank\" rel=\"noopener noreferrer\">R\u00e1dio ALEMS<\/a>\u00a0e pelas p\u00e1ginas da Casa de Leis no\u00a0<a href=\"https:\/\/www.youtube.com\/c\/assembleialegislativadems\">Youtube<\/a>\u00a0e no\u00a0<a href=\"https:\/\/www.facebook.com\/assembleiams\/\" target=\"_blank\" rel=\"noopener noreferrer\">Facebook<\/a>.<\/p>\n","protected":false},"excerpt":{"rendered":"<p>Os deputados estaduais devem votar quatro propostas durante a sess\u00e3o ordin\u00e1ria da Assembleia Legislativa de&#8230;<\/p>\n","protected":false},"author":12,"featured_media":0,"comment_status":"closed","ping_status":"closed","sticky":false,"template":"","format":"standard","meta":{"footnotes":""},"categories":[19],"tags":[],"class_list":["post-11709554","post","type-post","status-publish","format-standard","hentry","category-politica"],"_links":{"self":[{"href":"https:\/\/www.corumbaonline.com.br\/news\/wp-json\/wp\/v2\/posts\/11709554","targetHints":{"allow":["GET"]}}],"collection":[{"href":"https:\/\/www.corumbaonline.com.br\/news\/wp-json\/wp\/v2\/posts"}],"about":[{"href":"https:\/\/www.corumbaonline.com.br\/news\/wp-json\/wp\/v2\/types\/post"}],"author":[{"embeddable":true,"href":"https:\/\/www.corumbaonline.com.br\/news\/wp-json\/wp\/v2\/users\/12"}],"replies":[{"embeddable":true,"href":"https:\/\/www.corumbaonline.com.br\/news\/wp-json\/wp\/v2\/comments?post=11709554"}],"version-history":[{"count":1,"href":"https:\/\/www.corumbaonline.com.br\/news\/wp-json\/wp\/v2\/posts\/11709554\/revisions"}],"predecessor-version":[{"id":11709555,"href":"https:\/\/www.corumbaonline.com.br\/news\/wp-json\/wp\/v2\/posts\/11709554\/revisions\/11709555"}],"wp:attachment":[{"href":"https:\/\/www.corumbaonline.com.br\/news\/wp-json\/wp\/v2\/media?parent=11709554"}],"wp:term":[{"taxonomy":"category","embeddable":true,"href":"https:\/\/www.corumbaonline.com.br\/news\/wp-json\/wp\/v2\/categories?post=11709554"},{"taxonomy":"post_tag","embeddable":true,"href":"https:\/\/www.corumbaonline.com.br\/news\/wp-json\/wp\/v2\/tags?post=11709554"}],"curies":[{"name":"wp","href":"https:\/\/api.w.org\/{rel}","templated":true}]}}