{"id":11709560,"date":"2020-10-15T10:00:00","date_gmt":"2020-10-15T14:00:00","guid":{"rendered":"http:\/\/www.corumbaonline.com.br\/news\/?p=11709560"},"modified":"2020-10-15T17:10:54","modified_gmt":"2020-10-15T21:10:54","slug":"setor-de-servicos-tem-aumento-de-15-no-mes-de-agosto-em-ms","status":"publish","type":"post","link":"https:\/\/www.corumbaonline.com.br\/news\/setor-de-servicos-tem-aumento-de-15-no-mes-de-agosto-em-ms\/","title":{"rendered":"Setor de servi\u00e7os tem aumento de 1,5% no m\u00eas de agosto em MS"},"content":{"rendered":"<p>O volume de servi\u00e7os em Mato Grosso do Sul foi de 1,5% em agosto, quando comparado ao m\u00eas de julho deste ano. J\u00e1 em rela\u00e7\u00e3o \u00e0 receita nominal, o \u00edndice foi um pouco maior, 3,4%. Os dados s\u00e3o da Pesquisa Mensal de Servi\u00e7os (PMS), divulgados pelo Instituto Brasileiro de Geografia e Estat\u00edstica (IBGE). Na varia\u00e7\u00e3o mensal, quando se compara o m\u00eas ao mesmo per\u00edodo do ano anterior, a redu\u00e7\u00e3o \u00e9 de -6% no volume de servi\u00e7os.<\/p>\n<p>No acumulado do ano e nos \u00faltimos 12 meses, os \u00edndices tamb\u00e9m s\u00e3o negativos, ainda por conta dos impactos da pandemia do novo coronav\u00edrus. Na varia\u00e7\u00e3o acumulada no ano (base igual per\u00edodo do ano anterior), o \u00edndice foi de -4,3%, e no acumulado de 12 meses, -1,5%. O volume de vendas \u00e9 o \u00edndice que realmente aponta se houve melhora no setor, pois demonstra um aumento real de compras, por se referir \u00e0s unidades f\u00edsicas. J\u00e1 a receita nominal pode sofrer influ\u00eancia da infla\u00e7\u00e3o, que faz com que ela aumente.<\/p>\n<p>Segundo a economista do Instituto de Pesquisa e Desenvolvimento da Fecom\u00e9rcio-MS (IPF-MS), Daniela Dias, o resultado, ainda que menos expressivo, \u00e9 muito significativo para o momento, pois ainda estamos em um per\u00edodo de crise. Ela ressalta que o segmento de servi\u00e7os foi o que mais se destacou na pandemia, lembrando que os n\u00fameros tratam apenas dos servi\u00e7os formais, n\u00e3o incluindo a informalidade, que pode ser mais expressiva.<\/p>\n<p>&#8220;Isso \u00e9 um importante indicador, pois nos mostra como est\u00e1 a inten\u00e7\u00e3o de consumo das fam\u00edlias, e como est\u00e3o conseguindo garantir renda em um momento bastante conturbado da nossa economia. Muitas pessoas aderiram ao conserto das coisas, como equipamentos eletr\u00f4nicos, ao inv\u00e9s de comprar novos. A presta\u00e7\u00e3o de servi\u00e7os de comunica\u00e7\u00e3o e marketing digital tamb\u00e9m se destacou, seja a partir do e-commerce ou com\u00e9rcio a dist\u00e2ncia, e tudo isso influenciou positivamente o \u00edndice. Al\u00e9m disso, tamb\u00e9m tivemos uma alta nos servi\u00e7os voltados para a constru\u00e7\u00e3o civil, pois muita gente aproveitou o per\u00edodo para fazer pequenas reformas em casa&#8221;, explica a economista.<\/p>\n","protected":false},"excerpt":{"rendered":"<p>O volume de servi\u00e7os em Mato Grosso do Sul foi de 1,5% em agosto, quando&#8230;<\/p>\n","protected":false},"author":9,"featured_media":0,"comment_status":"closed","ping_status":"closed","sticky":false,"template":"","format":"standard","meta":{"footnotes":""},"categories":[9],"tags":[],"class_list":["post-11709560","post","type-post","status-publish","format-standard","hentry","category-economia"],"_links":{"self":[{"href":"https:\/\/www.corumbaonline.com.br\/news\/wp-json\/wp\/v2\/posts\/11709560","targetHints":{"allow":["GET"]}}],"collection":[{"href":"https:\/\/www.corumbaonline.com.br\/news\/wp-json\/wp\/v2\/posts"}],"about":[{"href":"https:\/\/www.corumbaonline.com.br\/news\/wp-json\/wp\/v2\/types\/post"}],"author":[{"embeddable":true,"href":"https:\/\/www.corumbaonline.com.br\/news\/wp-json\/wp\/v2\/users\/9"}],"replies":[{"embeddable":true,"href":"https:\/\/www.corumbaonline.com.br\/news\/wp-json\/wp\/v2\/comments?post=11709560"}],"version-history":[{"count":1,"href":"https:\/\/www.corumbaonline.com.br\/news\/wp-json\/wp\/v2\/posts\/11709560\/revisions"}],"predecessor-version":[{"id":11709562,"href":"https:\/\/www.corumbaonline.com.br\/news\/wp-json\/wp\/v2\/posts\/11709560\/revisions\/11709562"}],"wp:attachment":[{"href":"https:\/\/www.corumbaonline.com.br\/news\/wp-json\/wp\/v2\/media?parent=11709560"}],"wp:term":[{"taxonomy":"category","embeddable":true,"href":"https:\/\/www.corumbaonline.com.br\/news\/wp-json\/wp\/v2\/categories?post=11709560"},{"taxonomy":"post_tag","embeddable":true,"href":"https:\/\/www.corumbaonline.com.br\/news\/wp-json\/wp\/v2\/tags?post=11709560"}],"curies":[{"name":"wp","href":"https:\/\/api.w.org\/{rel}","templated":true}]}}