{"id":11709590,"date":"2020-10-16T08:48:00","date_gmt":"2020-10-16T12:48:00","guid":{"rendered":"http:\/\/www.corumbaonline.com.br\/news\/?p=11709590"},"modified":"2020-10-16T09:38:06","modified_gmt":"2020-10-16T13:38:06","slug":"policial-de-folga-flagra-assalto-e-dois-sao-detidos","status":"publish","type":"post","link":"https:\/\/www.corumbaonline.com.br\/news\/policial-de-folga-flagra-assalto-e-dois-sao-detidos\/","title":{"rendered":"Policial de folga flagra assalto e dois s\u00e3o detidos"},"content":{"rendered":"<p>Um policial militar de folga prendeu em flagrante um homem de 20 anos e um adolescente infrator, de 16 anos, logo ap\u00f3s roubarem o celular de um adolescente, de 15 anos, na parte alta da cidade.<\/p>\n<p>A v\u00edtima relatou que estava passando pela rua Alexandre de Castro quando os dois indiv\u00edduos passaram por ele e perguntaram as horas, e ent\u00e3o percebeu a inten\u00e7\u00e3o de roubo e tentou correr, momento em que foi agarrado e enforcado pelo menor de 16 anos e o outro autor de 20 anos ordenou que o mesmo passasse o aparelho celular. Com medo a v\u00edtima entregou o aparelho celular de cor azul e ao ser solto gritou por socorro.<\/p>\n<p><span style=\"font-size: inherit;\">O subtenente policial militar que estava chegando em sua resid\u00eancia ouviu gritos do adolescente e gritou para os dois indiv\u00edduos pararem, sem sucesso. O p<\/span>olicial fez o acompanhamento dois indiv\u00edduos com seu ve\u00edculo e conseguiu deter o homem de 20 anos, que estava com o aparelho roubado.<\/p>\n<p>A equipe da For\u00e7a T\u00e1tica chegou no local por volta de 17h30 e realizou buscas pelo menor infrator localizando-o em uma casa, quando tentava fugir pelos fundos, mas foi detido pela guarni\u00e7\u00e3o.<\/p>\n<p>A v\u00edtima relatou que os dois acusados n\u00e3o apresentaram nenhum tipo de arma. Diante dos fatos, todos os envolvidos foram conduzidos at\u00e9 a Primeira Delegacia de Pol\u00edcia Civil.<\/p>\n","protected":false},"excerpt":{"rendered":"<p>Um policial militar de folga prendeu em flagrante um homem de 20 anos e um&#8230;<\/p>\n","protected":false},"author":6,"featured_media":0,"comment_status":"closed","ping_status":"closed","sticky":false,"template":"","format":"standard","meta":{"footnotes":""},"categories":[18],"tags":[],"class_list":["post-11709590","post","type-post","status-publish","format-standard","hentry","category-seguranca"],"_links":{"self":[{"href":"https:\/\/www.corumbaonline.com.br\/news\/wp-json\/wp\/v2\/posts\/11709590","targetHints":{"allow":["GET"]}}],"collection":[{"href":"https:\/\/www.corumbaonline.com.br\/news\/wp-json\/wp\/v2\/posts"}],"about":[{"href":"https:\/\/www.corumbaonline.com.br\/news\/wp-json\/wp\/v2\/types\/post"}],"author":[{"embeddable":true,"href":"https:\/\/www.corumbaonline.com.br\/news\/wp-json\/wp\/v2\/users\/6"}],"replies":[{"embeddable":true,"href":"https:\/\/www.corumbaonline.com.br\/news\/wp-json\/wp\/v2\/comments?post=11709590"}],"version-history":[{"count":1,"href":"https:\/\/www.corumbaonline.com.br\/news\/wp-json\/wp\/v2\/posts\/11709590\/revisions"}],"predecessor-version":[{"id":11709591,"href":"https:\/\/www.corumbaonline.com.br\/news\/wp-json\/wp\/v2\/posts\/11709590\/revisions\/11709591"}],"wp:attachment":[{"href":"https:\/\/www.corumbaonline.com.br\/news\/wp-json\/wp\/v2\/media?parent=11709590"}],"wp:term":[{"taxonomy":"category","embeddable":true,"href":"https:\/\/www.corumbaonline.com.br\/news\/wp-json\/wp\/v2\/categories?post=11709590"},{"taxonomy":"post_tag","embeddable":true,"href":"https:\/\/www.corumbaonline.com.br\/news\/wp-json\/wp\/v2\/tags?post=11709590"}],"curies":[{"name":"wp","href":"https:\/\/api.w.org\/{rel}","templated":true}]}}