{"id":11709595,"date":"2020-10-16T09:21:00","date_gmt":"2020-10-16T13:21:00","guid":{"rendered":"http:\/\/www.corumbaonline.com.br\/news\/?p=11709595"},"modified":"2020-10-16T11:03:19","modified_gmt":"2020-10-16T15:03:19","slug":"caixa-paga-auxilio-emergencial-para-nascidos-em-julho","status":"publish","type":"post","link":"https:\/\/www.corumbaonline.com.br\/news\/caixa-paga-auxilio-emergencial-para-nascidos-em-julho\/","title":{"rendered":"Caixa paga aux\u00edlio emergencial para nascidos em julho"},"content":{"rendered":"<p style=\"box-sizing: border-box; margin-bottom: 1.3rem; color: #495057; font-family: 'Source Serif Pro', serif; font-size: 16px; background-color: #f7f8f9;\">A Caixa Econ\u00f4mica Federal paga hoje (16) o aux\u00edlio emergencial para 3,6 milh\u00f5es de brasileiros nascidos em julho. Ser\u00e3o liberados R$ 1,6 bilh\u00e3o para benefici\u00e1rios que n\u00e3o fazem parte do Bolsa Fam\u00edlia, no ciclo 3 de pagamentos do programa. Os pertencentes ao Bolsa Fam\u00edlia recebem de acordo com o calend\u00e1rio do programa.<img decoding=\"async\" style=\"box-sizing: border-box; border-width: 0px; vertical-align: middle; height: 1px; width: 1px; display: inline;\" src=\"https:\/\/agenciabrasil.ebc.com.br\/ebc.png?id=1390792&amp;o=node\" \/><img decoding=\"async\" style=\"box-sizing: border-box; border-width: 0px; vertical-align: middle; height: 1px; width: 1px; display: inline;\" src=\"https:\/\/agenciabrasil.ebc.com.br\/ebc.gif?id=1390792&amp;o=node\" \/><\/p>\n<p style=\"box-sizing: border-box; margin-top: 0px; margin-bottom: 1.3rem; color: #495057; font-family: 'Source Serif Pro', serif; font-size: 16px; background-color: #f7f8f9;\">Do total, 1,3 milh\u00e3o receber\u00e3o R$ 800 milh\u00f5es referentes a parcela do aux\u00edlio emergencial regular, no valor de R$ 600 (R$ 1,2 mil para m\u00e3es chefes de fam\u00edlia). Os demais, 2,3 milh\u00f5es, ser\u00e3o contemplados com a primeira parcela do aux\u00edlio emergencial extens\u00e3o de R$ 300 (R$ 600 para m\u00e3es chefes de fam\u00edlia), num total de R$ 800 milh\u00f5es.<\/p>\n<p style=\"box-sizing: border-box; margin-top: 0px; margin-bottom: 1.3rem; color: #495057; font-family: 'Source Serif Pro', serif; font-size: 16px; background-color: #f7f8f9;\">Os recursos estar\u00e3o dispon\u00edveis na poupan\u00e7a social digital e poder\u00e3o ser movimentados pelo aplicativo Caixa Tem. Com ele \u00e9 poss\u00edvel fazer compras na internet e nas maquininhas em diversos estabelecimentos comerciais, por meio do cart\u00e3o de d\u00e9bito virtual e QR\u00a0<em style=\"box-sizing: border-box;\">Code<\/em>. O benefici\u00e1rio tamb\u00e9m pode pagar boletos e contas, como \u00e1gua e telefone, pelo pr\u00f3prio aplicativo ou nas casas lot\u00e9ricas.<\/p>\n<p style=\"box-sizing: border-box; margin-top: 0px; margin-bottom: 1.3rem; color: #495057; font-family: 'Source Serif Pro', serif; font-size: 16px; background-color: #f7f8f9;\">O calend\u00e1rio de pagamentos do aux\u00edlio emergencial \u00e9 organizado em ciclos de cr\u00e9dito em conta poupan\u00e7a social digital e de saque em esp\u00e9cie. Os benefici\u00e1rios recebem a parcela a que t\u00eam direito no per\u00edodo, de acordo com o m\u00eas de nascimento.<\/p>\n<p style=\"box-sizing: border-box; margin-top: 0px; margin-bottom: 1.3rem; color: #495057; font-family: 'Source Serif Pro', serif; font-size: 16px; background-color: #f7f8f9;\">Saques e transfer\u00eancias para quem recebe o cr\u00e9dito nesta sexta-feira ser\u00e3o liberados a partir do dia 26 de novembro. A partir dessa data, o benefici\u00e1rio poder\u00e1 retirar o aux\u00edlio emergencial no caixa eletr\u00f4nico, nas ag\u00eancias da Caixa ou lot\u00e9ricas ou usar o aplicativo Caixa Tem para transferir o dinheiro da poupan\u00e7a digital para contas em outros bancos, sem o pagamento de tarifas.<\/p>\n<p style=\"box-sizing: border-box; margin-top: 0px; margin-bottom: 1.3rem; color: #495057; font-family: 'Source Serif Pro', serif; font-size: 16px; background-color: #f7f8f9;\">O aux\u00edlio emergencial criado em abril pelo governo federal, pago em cinco parcelas de R$ 600 ou R$ 1,2 mil para m\u00e3es solteiras, foi estendido at\u00e9 31 de dezembro, por meio da Medida Provis\u00f3ria (MP) 1000. O aux\u00edlio emergencial extens\u00e3o ser\u00e1 pago em at\u00e9 quatro parcelas de R$ 300,00 cada e, no caso das m\u00e3es chefes de fam\u00edlia monoparental, o valor \u00e9 de R$ 600,00.<\/p>\n<p style=\"box-sizing: border-box; margin-top: 0px; margin-bottom: 1.3rem; color: #495057; font-family: 'Source Serif Pro', serif; font-size: 16px; background-color: #f7f8f9;\">De acordo com a Caixa, n\u00e3o h\u00e1 necessidade de novo requerimento para receber a extens\u00e3o do aux\u00edlio. Somente aqueles que j\u00e1 foram beneficiados e se enquadram nos novos requisitos estabelecidos na MP, ter\u00e3o direito a continuar recebendo o benef\u00edcio. A parcela extra inicial ser\u00e1 para os benefici\u00e1rios que receberam a primeira parcela do aux\u00edlio emergencial em abril.<\/p>\n","protected":false},"excerpt":{"rendered":"<p>A Caixa Econ\u00f4mica Federal paga hoje (16) o aux\u00edlio emergencial para 3,6 milh\u00f5es de brasileiros&#8230;<\/p>\n","protected":false},"author":4,"featured_media":0,"comment_status":"closed","ping_status":"closed","sticky":false,"template":"","format":"standard","meta":{"footnotes":""},"categories":[9],"tags":[],"class_list":["post-11709595","post","type-post","status-publish","format-standard","hentry","category-economia"],"_links":{"self":[{"href":"https:\/\/www.corumbaonline.com.br\/news\/wp-json\/wp\/v2\/posts\/11709595","targetHints":{"allow":["GET"]}}],"collection":[{"href":"https:\/\/www.corumbaonline.com.br\/news\/wp-json\/wp\/v2\/posts"}],"about":[{"href":"https:\/\/www.corumbaonline.com.br\/news\/wp-json\/wp\/v2\/types\/post"}],"author":[{"embeddable":true,"href":"https:\/\/www.corumbaonline.com.br\/news\/wp-json\/wp\/v2\/users\/4"}],"replies":[{"embeddable":true,"href":"https:\/\/www.corumbaonline.com.br\/news\/wp-json\/wp\/v2\/comments?post=11709595"}],"version-history":[{"count":1,"href":"https:\/\/www.corumbaonline.com.br\/news\/wp-json\/wp\/v2\/posts\/11709595\/revisions"}],"predecessor-version":[{"id":11709596,"href":"https:\/\/www.corumbaonline.com.br\/news\/wp-json\/wp\/v2\/posts\/11709595\/revisions\/11709596"}],"wp:attachment":[{"href":"https:\/\/www.corumbaonline.com.br\/news\/wp-json\/wp\/v2\/media?parent=11709595"}],"wp:term":[{"taxonomy":"category","embeddable":true,"href":"https:\/\/www.corumbaonline.com.br\/news\/wp-json\/wp\/v2\/categories?post=11709595"},{"taxonomy":"post_tag","embeddable":true,"href":"https:\/\/www.corumbaonline.com.br\/news\/wp-json\/wp\/v2\/tags?post=11709595"}],"curies":[{"name":"wp","href":"https:\/\/api.w.org\/{rel}","templated":true}]}}