{"id":11709597,"date":"2020-10-16T09:33:00","date_gmt":"2020-10-16T13:33:00","guid":{"rendered":"http:\/\/www.corumbaonline.com.br\/news\/?p=11709597"},"modified":"2020-10-16T11:05:54","modified_gmt":"2020-10-16T15:05:54","slug":"criancada-vai-aprender-a-fazer-pinturas-de-pontos-na-oficina-online-do-sesc-cultura-deste-sabado-2","status":"publish","type":"post","link":"https:\/\/www.corumbaonline.com.br\/news\/criancada-vai-aprender-a-fazer-pinturas-de-pontos-na-oficina-online-do-sesc-cultura-deste-sabado-2\/","title":{"rendered":"Crian\u00e7ada vai aprender a fazer pinturas de pontos na oficina online do Sesc Cultura deste s\u00e1bado"},"content":{"rendered":"<p>Neste s\u00e1bado, 17 de outubro, a oficina infantil do Sesc Cultura, especial do M\u00eas da Crian\u00e7a, ter\u00e1 como tema Seurat e a Pintura de Pontos. O v\u00eddeo-oficina ser\u00e1 postado, \u00e0s 15h, nas redes sociais @sescculturams e no facebook\/sescculturams.<\/p>\n<p>Os pequenos v\u00e3o aprender que pontinhos de cor bem juntos podem formar imagens legais e que tamb\u00e9m podem ser uma forma de arte, como fez o pintor Georges Seurat.<\/p>\n<p>A proposta \u00e9 ensinar um pouco sobre a Arte e concluir com a produ\u00e7\u00e3o de algum material correspondente com o artista em destaque.<\/p>\n<p>&#8220;O que queremos \u00e9 aproximar as crian\u00e7as das pluralidades e possibilidades da arte, sempre com uma oficina pr\u00e1tica para fazer em casa, as atividades prop\u00f5em o conhecimento, a divers\u00e3o e a criatividade&#8221;, diz a diretora regional do Sesc MS, Regina Ferro.<\/p>\n<p>As atividades infantis v\u00eam em boa hora. Estudo do Instituto de Pesquisa da Fecom\u00e9rcio MS e do Sebrae MS aponta que o isolamento social vem afetando o comportamento da crian\u00e7ada: 38% das pessoas entrevistadas que t\u00eam filhos, afilhados ou sobrinhos notaram que elas est\u00e3o mais ansiosas, 30% informaram que est\u00e3o mais irritados.<\/p>\n","protected":false},"excerpt":{"rendered":"<p>Neste s\u00e1bado, 17 de outubro, a oficina infantil do Sesc Cultura, especial do M\u00eas da&#8230;<\/p>\n","protected":false},"author":9,"featured_media":0,"comment_status":"closed","ping_status":"closed","sticky":false,"template":"","format":"standard","meta":{"footnotes":""},"categories":[7],"tags":[],"class_list":["post-11709597","post","type-post","status-publish","format-standard","hentry","category-cultura"],"_links":{"self":[{"href":"https:\/\/www.corumbaonline.com.br\/news\/wp-json\/wp\/v2\/posts\/11709597","targetHints":{"allow":["GET"]}}],"collection":[{"href":"https:\/\/www.corumbaonline.com.br\/news\/wp-json\/wp\/v2\/posts"}],"about":[{"href":"https:\/\/www.corumbaonline.com.br\/news\/wp-json\/wp\/v2\/types\/post"}],"author":[{"embeddable":true,"href":"https:\/\/www.corumbaonline.com.br\/news\/wp-json\/wp\/v2\/users\/9"}],"replies":[{"embeddable":true,"href":"https:\/\/www.corumbaonline.com.br\/news\/wp-json\/wp\/v2\/comments?post=11709597"}],"version-history":[{"count":1,"href":"https:\/\/www.corumbaonline.com.br\/news\/wp-json\/wp\/v2\/posts\/11709597\/revisions"}],"predecessor-version":[{"id":11709598,"href":"https:\/\/www.corumbaonline.com.br\/news\/wp-json\/wp\/v2\/posts\/11709597\/revisions\/11709598"}],"wp:attachment":[{"href":"https:\/\/www.corumbaonline.com.br\/news\/wp-json\/wp\/v2\/media?parent=11709597"}],"wp:term":[{"taxonomy":"category","embeddable":true,"href":"https:\/\/www.corumbaonline.com.br\/news\/wp-json\/wp\/v2\/categories?post=11709597"},{"taxonomy":"post_tag","embeddable":true,"href":"https:\/\/www.corumbaonline.com.br\/news\/wp-json\/wp\/v2\/tags?post=11709597"}],"curies":[{"name":"wp","href":"https:\/\/api.w.org\/{rel}","templated":true}]}}