{"id":11709602,"date":"2020-10-16T11:05:00","date_gmt":"2020-10-16T15:05:00","guid":{"rendered":"http:\/\/www.corumbaonline.com.br\/news\/?p=11709602"},"modified":"2020-10-16T12:47:09","modified_gmt":"2020-10-16T16:47:09","slug":"ifms-abre-semana-de-ciencia-e-tecnologia-2020-na-segunda-feira","status":"publish","type":"post","link":"https:\/\/www.corumbaonline.com.br\/news\/ifms-abre-semana-de-ciencia-e-tecnologia-2020-na-segunda-feira\/","title":{"rendered":"IFMS abre Semana de Ci\u00eancia e Tecnologia 2020 na segunda-feira"},"content":{"rendered":"<p>O Instituto Federal de Mato Grosso do Sul (IFMS) abre na segunda-feira, 19, a edi\u00e7\u00e3o 2020 da Semana de Ci\u00eancia e Tecnologia (SCT). Pela primeira vez, o evento ser\u00e1 realizado em formato virtual.<\/p>\n<p>A abertura poder\u00e1 ser acompanhada no\u00a0<a title=\"Youtube do IFMS\" href=\"http:\/\/www.ifms.edu.br:9000\/lists\/lt.php?tid=KxlRBl1eBVFSVUsGUVFRTlABAFFOWAlZBhsMVFYDUgJRUlMKB1wfVAYAUQAHVAROAVcLVk4NWgtUG1kHVwdPAVcGA1cECAVSWwRSH1ICAwYCUlcDTghaXAYbDFZQBk8JVlZUH1AKVgBWAgNWVAIABw\" target=\"_blank\" rel=\"noopener noreferrer\">Youtube do IFMS<\/a>, a partir das 9 horas, com a participa\u00e7\u00e3o da reitora, Elaine Cassiano, e do pr\u00f3-reitor de Pesquisa, Inova\u00e7\u00e3o e P\u00f3s-Gradua\u00e7\u00e3o, Danilo de S\u00e1 Teles.<\/p>\n<p>Em seguida, os participantes poder\u00e3o acompanhar a palestra &#8220;Gl\u00f3ria: Intelig\u00eancia Artificial para o fim da viol\u00eancia contra mulheres e meninas&#8221;, que ser\u00e1 ministrada pela professora Cristina Castro Lucas, da Universidade de Bras\u00edlia (UnB).<\/p>\n<p>Com o tema\u00a0&#8220;Intelig\u00eancia Artificial: a nova fronteira da ci\u00eancia brasileira&#8221;, a SCT 2020 ser\u00e1 realizada at\u00e9 23 de outubro.<\/p>\n<p>As atividades s\u00e3o realizadas conjuntamente entre os dez campi do IFMS &#8211; Aquidauana, Campo Grande, Corumb\u00e1, Coxim, Dourados, Jardim, Navira\u00ed, Nova Andradina, Ponta Por\u00e3 e Tr\u00eas Lagoas -, com o aux\u00edlio da Pr\u00f3-Reitoria de Pesquisa, Inova\u00e7\u00e3o e P\u00f3s-Gradua\u00e7\u00e3o (Propi).<\/p>\n<p><strong>Programa\u00e7\u00e3o<\/strong>\u00a0&#8211; Os interessados podem conferir a programa\u00e7\u00e3o e se inscrever para as atividades na\u00a0<strong><a title=\"p\u00e1gina da SCT 2020\" href=\"http:\/\/www.ifms.edu.br:9000\/lists\/lt.php?tid=KxkHAwABAAdUUEtbBVdWTlBWB1ROAQ0IBxsOA1MGVQcCUAcHVw0fVAYAUQAHVAROAVcLVk4NWgtUG1kHVwdPAVcGA1cECAVSWwRSH1ICAwYCUlcDTghaXAYbDFZQBk8JVlZUH1AKVgBWAgNWVAIABw\" target=\"_blank\" rel=\"noopener noreferrer\">p\u00e1gina da SCT 2020<\/a><\/strong>.<\/p>\n<p>S\u00e3o oferecidas mais de 30 atividades virtuais &#8211; entre cursos e palestras -, al\u00e9m das Feiras de Ci\u00eancia e Tecnologia, do Semin\u00e1rio de Inicia\u00e7\u00e3o Cient\u00edfica e Tecnol\u00f3gica (Semict) e do Hackathon IFMS 2020.<\/p>\n<p>Os cursos e palestras est\u00e3o dispon\u00edveis em nove salas virtuais divididas por \u00e1rea de conhecimento:<\/p>\n<ul>\n<li>Sala 1 -Pesquisa;<\/li>\n<li>Sala 2 &#8211; Ag\u00e1rias;<\/li>\n<li>Sala 3 &#8211; Ci\u00eancias Biol\u00f3gicas;<\/li>\n<li>Sala 4 &#8211; Engenharia;<\/li>\n<li>Sala 5 &#8211; Ci\u00eancias Exatas e da Terra;<\/li>\n<li>Sala 6 &#8211; Ci\u00eancias Humanas;<\/li>\n<li>Sala 7 &#8211; Ci\u00eancias da Sa\u00fade;<\/li>\n<li>Sala 8 &#8211; Ci\u00eancias Sociais e Aplicadas; e<\/li>\n<li>Sala 9 &#8211; Lingu\u00edstica, Letras e Artes<\/li>\n<\/ul>\n<p>Para se inscrever nas atividades dispon\u00edveis nas salas virtuais, o interessado deve, inicialmente,\u00a0<a title=\"fazer o cadastro no sistema\" href=\"http:\/\/www.ifms.edu.br:9000\/lists\/lt.php?tid=KxlQAlEIUVUHUEsCAVdcTlBVUVFOAQBcVBsNVAYHAARTXFQLAA0fVAYAUQAHVAROAVcLVk4NWgtUG1kHVwdPAVcGA1cECAVSWwRSH1ICAwYCUlcDTghaXAYbDFZQBk8JVlZUH1AKVgBWAgNWVAIABw\" target=\"_blank\" rel=\"noopener noreferrer\">fazer o cadastro no sistema<\/a>.<\/p>\n<p>Depois de colocar o n\u00famero do Cadastro de Pessoa F\u00edsica (CPF) no campo login, \u00e9 preciso criar a senha de acesso, fornecer dados pessoais e informar se \u00e9 ou n\u00e3o estudante do IFMS. Ser\u00e1 enviado um e-mail para que a pessoa confirme o cadastro.<\/p>\n<p>No dia da atividade, o link de acesso \u00e0 sala estar\u00e1 dispon\u00edvel na p\u00e1gina da SCT 2020, tanto na programa\u00e7\u00e3o quanto na \u00c1rea do Participante, e ser\u00e1 enviado por e-mail ao inscrito.<\/p>\n<p>Como forma de alerta, o inscrito tem a op\u00e7\u00e3o de adicionar o compromisso na agenda do Google. Caso desista de participar da atividade, \u00e9 poss\u00edvel fazer o cancelamento da participa\u00e7\u00e3o at\u00e9 a data prevista.<\/p>\n<p>Os interessados tamb\u00e9m podem conferir a programa\u00e7\u00e3o das salas virtuais de acordo com o campus que organiza a atividade.<\/p>\n<p><strong>Feiras de Ci\u00eancia e Tecnologia<\/strong>\u00a0&#8211; Ser\u00e3o realizadas na segunda e ter\u00e7a-feira, 19 e 20, pela primeira vez de forma virtual.<\/p>\n<p>As feiras re\u00fanem mais de 500 trabalhos de pesquisa desenvolvidos por estudantes dos n\u00edveis fundamental (6\u00ba ao 9\u00ba ano), m\u00e9dio e t\u00e9cnico integrado de n\u00edvel m\u00e9dio, de escolas p\u00fablicas e privadas, e s\u00e3o organizadas pelos dez campi do IFMS:<\/p>\n<ul>\n<li>Feira de Ci\u00eancia e Tecnologia de Aquidauana (Feciaq)<\/li>\n<li>Feira de Ci\u00eancia e Tecnologia de Campo Grande (Fecintec)<\/li>\n<li>Feira de Ci\u00eancia e Tecnologia do Pantanal em Corumb\u00e1 (Fecipan)<\/li>\n<li>Feira de Ci\u00eancia e Tecnologia de Coxim (Fecitecx)<\/li>\n<li>Feira de Ci\u00eancia e Tecnologia da Grande Dourados (Fecigran)<\/li>\n<li>Feira de Ci\u00eancia e Tecnologia da Regi\u00e3o Sudoeste em Jardim (Fecioeste)<\/li>\n<li>Feira de Ci\u00eancia e Tecnologia de Navira\u00ed (Fecinavi)<\/li>\n<li>Feira de Ci\u00eancia e Tecnologia de Nova Andradina (Fecinova)<\/li>\n<li>Feira de Ci\u00eancia e Tecnologia da Fronteira de Ponta Por\u00e3 (Fecifron)<\/li>\n<li>Feira de Ci\u00eancia e Tecnologia de Tr\u00eas Lagoas (Fecitel)<\/li>\n<\/ul>\n<p>As informa\u00e7\u00f5es completas sobre o evento est\u00e3o dispon\u00edveis na\u00a0<a title=\"p\u00e1gina das Feiras\" href=\"http:\/\/www.ifms.edu.br:9000\/lists\/lt.php?tid=KxlXCl1cWwRbBEsCBlJSTlBcBldOWFxcBBsOAFAABFNVBwJXVwAfVAYAUQAHVAROAVcLVk4NWgtUG1kHVwdPAVcGA1cECAVSWwRSH1ICAwYCUlcDTghaXAYbDFZQBk8JVlZUH1AKVgBWAgNWVAIABw\" target=\"_blank\" rel=\"noopener noreferrer\">p\u00e1gina das Feiras<\/a>.<\/p>\n<p><strong>Semict<\/strong>\u00a0&#8211; O Semin\u00e1rio de Inicia\u00e7\u00e3o Cient\u00edfica e Tecnol\u00f3gica 2020 ser\u00e1 realizado na\u00a0<a title=\"p\u00e1gina do evento\" href=\"http:\/\/www.ifms.edu.br:9000\/lists\/lt.php?tid=KxlTBlwNUlZbUksABAIDTlBdBVJOWAkLVxsLXgBSVAgCUwECXQAfVAYAUQAHVAROAVcLVk4NWgtUG1kHVwdPAVcGA1cECAVSWwRSH1ICAwYCUlcDTghaXAYbDFZQBk8JVlZUH1AKVgBWAgNWVAIABw\" target=\"_blank\" rel=\"noopener noreferrer\">p\u00e1gina do evento<\/a>.<\/p>\n<p>Este ano, o Semict re\u00fane 100 trabalhos de\u00a0estudantes do ensino superior selecionados por meio do\u00a0<a title=\"edital n\u00ba 028\/2019\" href=\"http:\/\/www.ifms.edu.br:9000\/lists\/lt.php?tid=KxlXUQYBUAAHAktaVFUHTlBQAlFOAAxdARtcVQcGVQAABAYABl0fVAYAUQAHVAROAVcLVk4NWgtUG1kHVwdPAVcGA1cECAVSWwRSH1ICAwYCUlcDTghaXAYbDFZQBk8JVlZUH1AKVgBWAgNWVAIABw\" target=\"_blank\" rel=\"noopener noreferrer\">edital n\u00ba 028\/2019<\/a>, do ciclo 2019-2020 da Inicia\u00e7\u00e3o Cient\u00edfica e Tecnol\u00f3gica no IFMS.<\/p>\n<p>O semin\u00e1rio representa um espa\u00e7o para socializa\u00e7\u00e3o de atividades de pesquisa desenvolvidas por estudantes de n\u00edvel superior participantes dos seguintes Programas de Inicia\u00e7\u00e3o Cient\u00edfica e Tecnol\u00f3gica do IFMS:<\/p>\n<ul>\n<li>Programa Institucional de Bolsas de Inicia\u00e7\u00e3o Cient\u00edfica\u00a0(Pibic);<\/li>\n<li>Programa Institucional de Bolsas de Inicia\u00e7\u00e3o Cient\u00edfica nas A\u00e7\u00f5es Afirmativas (Pibic-Af); e<\/li>\n<li>Programa Institucional de Bolsas de Inicia\u00e7\u00e3o em Desenvolvimento Tecnol\u00f3gico e Inova\u00e7\u00e3o (Pibiti -CNPq\/IFMS).<\/li>\n<\/ul>\n<p><strong>Hackathon IFMS 2020<\/strong>\u00a0&#8211; A maratona de trabalho em equipe que busca estimular o uso da intelig\u00eancia artificial para a solu\u00e7\u00e3o de problemas\u00a0<a title=\"ser\u00e1 realizada a partir desta quinta-feira, 16\" href=\"http:\/\/www.ifms.edu.br:9000\/lists\/lt.php?tid=KxlRBQMIVQRUVEtUAFBQTlAAVFpOWwEKBxtaVQJSWlQFUgMBAAEfVAYAUQAHVAROAVcLVk4NWgtUG1kHVwdPAVcGA1cECAVSWwRSH1ICAwYCUlcDTghaXAYbDFZQBk8JVlZUH1AKVgBWAgNWVAIABw\" target=\"_blank\" rel=\"noopener noreferrer\">ser\u00e1 realizada a partir desta quinta-feira, 16<\/a>, e segue at\u00e9 domingo, 18.<\/p>\n<p>Est\u00e3o inscritas 18 equipes com cinco estudantes cada. Os participantes est\u00e3o matriculados em cursos de n\u00edvel m\u00e9dio e superior\u00a0dos campi Aquidauana, Corumb\u00e1, Coxim, Navira\u00ed, Nova Andradina, Ponta Por\u00e3 e Tr\u00eas Lagoas.<\/p>\n<p>O Campus Campo Grande tamb\u00e9m realizar\u00e1 um hackathon, dentro da programa\u00e7\u00e3o da Semana de Ci\u00eancia e Tecnologia.\u00a0O evento, que tem como tema &#8220;Solu\u00e7\u00f5es inteligentes para o mundo&#8221;, ser\u00e1 realizado na segunda-feira, 19, em formato de imers\u00e3o online, das 14 \u00e0s 22 horas.<\/p>\n<p>Foram\u00a0<a title=\"abertas at\u00e9 50 vagas para estudantes de n\u00edvel m\u00e9dio e superior\" href=\"http:\/\/www.ifms.edu.br:9000\/lists\/lt.php?tid=KxlWAwNcUlFVA0sBUQUHTlBRB1BOWwsIARtZX1dVAwBQVQVXXAkfVAYAUQAHVAROAVcLVk4NWgtUG1kHVwdPAVcGA1cECAVSWwRSH1ICAwYCUlcDTghaXAYbDFZQBk8JVlZUH1AKVgBWAgNWVAIABw\" target=\"_blank\" rel=\"noopener noreferrer\">abertas at\u00e9 50 vagas para estudantes de n\u00edvel m\u00e9dio e superior<\/a>.<\/p>\n<p><strong>SCT<\/strong>\u00a0&#8211; Promovida anualmente pelos dez campi campi, a\u00a0<a href=\"http:\/\/www.ifms.edu.br:9000\/lists\/lt.php?tid=KxkAUVYMU1NaAktbUVdSTlBQCgZOAVwPBhtaV1ZWUFJbBgIHAQsfVAYAUQAHVAROAVcLVk4NWgtUG1kHVwdPAVcGA1cECAVSWwRSH1ICAwYCUlcDTghaXAYbDFZQBk8JVlZUH1AKVgBWAgNWVAIABw\" target=\"_blank\" rel=\"noopener noreferrer\">Semana de Ci\u00eancia e Tecnologia do IFMS<\/a>\u00a0\u00e9 um conjunto de atividades para divulga\u00e7\u00e3o das a\u00e7\u00f5es de ensino, pesquisa e extens\u00e3o desenvolvidas na institui\u00e7\u00e3o.<\/p>\n<p>Entre os objetivos da Semana est\u00e3o disseminar e estimular a criatividade e a cultura do empreendedorismo inovador, despertar o interesse da comunidade interna e externa para a\u00e7\u00f5es desenvolvidas no Instituto e fomentar a\u00e7\u00f5es de extens\u00e3o que proporcionem a intera\u00e7\u00e3o entre a institui\u00e7\u00e3o e a sociedade.<\/p>\n<p>O evento \u00e9 realizado em conson\u00e2ncia com a\u00a0<a title=\"Semana Nacional de Ci\u00eancia e Tecnologia\" href=\"http:\/\/www.ifms.edu.br:9000\/lists\/lt.php?tid=KxkEVFMJWwJRAksGAlVTTlBXA1JOAFleBxsIUFYEVwFSVwNWBg4fVAYAUQAHVAROAVcLVk4NWgtUG1kHVwdPAVcGA1cECAVSWwRSH1ICAwYCUlcDTghaXAYbDFZQBk8JVlZUH1AKVgBWAgNWVAIABw\" target=\"_blank\" rel=\"noopener noreferrer\">Semana Nacional de Ci\u00eancia e Tecnologia<\/a>, promovida pelo Minist\u00e9rio da Ci\u00eancia, Tecnologia, Inova\u00e7\u00f5es e Comunica\u00e7\u00e3o (MCTIC), e que ocorre em todo o pa\u00eds.<\/p>\n","protected":false},"excerpt":{"rendered":"<p>O Instituto Federal de Mato Grosso do Sul (IFMS) abre na segunda-feira, 19, a edi\u00e7\u00e3o&#8230;<\/p>\n","protected":false},"author":9,"featured_media":0,"comment_status":"closed","ping_status":"closed","sticky":false,"template":"","format":"standard","meta":{"footnotes":""},"categories":[10,22],"tags":[],"class_list":["post-11709602","post","type-post","status-publish","format-standard","hentry","category-educacao","category-tecnologia"],"_links":{"self":[{"href":"https:\/\/www.corumbaonline.com.br\/news\/wp-json\/wp\/v2\/posts\/11709602","targetHints":{"allow":["GET"]}}],"collection":[{"href":"https:\/\/www.corumbaonline.com.br\/news\/wp-json\/wp\/v2\/posts"}],"about":[{"href":"https:\/\/www.corumbaonline.com.br\/news\/wp-json\/wp\/v2\/types\/post"}],"author":[{"embeddable":true,"href":"https:\/\/www.corumbaonline.com.br\/news\/wp-json\/wp\/v2\/users\/9"}],"replies":[{"embeddable":true,"href":"https:\/\/www.corumbaonline.com.br\/news\/wp-json\/wp\/v2\/comments?post=11709602"}],"version-history":[{"count":1,"href":"https:\/\/www.corumbaonline.com.br\/news\/wp-json\/wp\/v2\/posts\/11709602\/revisions"}],"predecessor-version":[{"id":11709603,"href":"https:\/\/www.corumbaonline.com.br\/news\/wp-json\/wp\/v2\/posts\/11709602\/revisions\/11709603"}],"wp:attachment":[{"href":"https:\/\/www.corumbaonline.com.br\/news\/wp-json\/wp\/v2\/media?parent=11709602"}],"wp:term":[{"taxonomy":"category","embeddable":true,"href":"https:\/\/www.corumbaonline.com.br\/news\/wp-json\/wp\/v2\/categories?post=11709602"},{"taxonomy":"post_tag","embeddable":true,"href":"https:\/\/www.corumbaonline.com.br\/news\/wp-json\/wp\/v2\/tags?post=11709602"}],"curies":[{"name":"wp","href":"https:\/\/api.w.org\/{rel}","templated":true}]}}