{"id":11709608,"date":"2020-10-19T08:08:00","date_gmt":"2020-10-19T12:08:00","guid":{"rendered":"http:\/\/www.corumbaonline.com.br\/news\/?p=11709608"},"modified":"2020-10-19T08:24:07","modified_gmt":"2020-10-19T12:24:07","slug":"gestores-culturais-tem-ate-hoje-para-assinar-termo-de-cooperacao-tecnica-para-uso-do-mapa-cultural","status":"publish","type":"post","link":"https:\/\/www.corumbaonline.com.br\/news\/gestores-culturais-tem-ate-hoje-para-assinar-termo-de-cooperacao-tecnica-para-uso-do-mapa-cultural\/","title":{"rendered":"Gestores culturais t\u00eam at\u00e9 hoje para assinar Termo de Coopera\u00e7\u00e3o T\u00e9cnica para uso do Mapa Cultural"},"content":{"rendered":"<p>A equipe da Funda\u00e7\u00e3o de Cultura de Mato Grosso do Sul (FCMS) enviou aos gestores culturais de todos os munic\u00edpios do Estado, Termo de Coopera\u00e7\u00e3o T\u00e9cnica para a utiliza\u00e7\u00e3o integrada da Plataforma Mapa Cultural, a fim de operacionalizar o cadastramento para concess\u00e3o dos benef\u00edcios previstos na Lei Aldir Blanc. O termo deve ser assinado e devolvido \u00e0 FCMS at\u00e9 esta segunda-feira (19).<\/p>\n<p>\u201cEsse Termo de Coopera\u00e7\u00e3o T\u00e9cnica \u00e9 uma troca entre Estado e munic\u00edpios com o objetivo principal de divulgar e auxiliar trabalhadores e trabalhadoras de cultura, no cadastramento do inciso I, da Lei Aldir Blanc. De um lado, os munic\u00edpios ter\u00e3o a possibilidade de operacionalizar a plataforma para o inciso II e, do outro, auxiliar\u00e3o o Estado na efetiva\u00e7\u00e3o da busca ativa de agentes e espa\u00e7os culturais em \u00e1reas remotas e sem acesso ao sinal de internet como: aldeias ind\u00edgenas, comunidades quilombolas, ribeirinhas e extrativistas\u201d, disse a diretora-presidente da Funda\u00e7\u00e3o de Cultura de MS, Mara Caseiro.<\/p>\n<p>No m\u00eas passado, 68 munic\u00edpios assinaram o formul\u00e1rio de diagn\u00f3stico para ades\u00e3o \u00e0 plataforma Mapa Cultural de Mato Grosso do Sul. Agora, com a assinatura pelos gestores municipais de cultura, desse Termo de Coopera\u00e7\u00e3o T\u00e9cnica, esse acordo fica efetivado. \u201cDos 79 munic\u00edpios, 68 manifestaram interesse em aderir \u00e0 plataforma. Apesar disso, n\u00f3s enviamos o termo a todos os munic\u00edpios para que ainda possam fazer parte desse sistema criado para a cultura\u201d, declarou Mara Caseiro.<\/p>\n<p>Ap\u00f3s a assinatura do termo, os gestores culturais ter\u00e3o um treinamento para utiliza\u00e7\u00e3o da plataforma. \u201cEles ir\u00e3o aprender como administrar, criar, customizar e realizar melhorias dos formul\u00e1rios do munic\u00edpio, dentro da plataforma Mapa Cultura de Mato Grosso de Sul\u201d, afirmou a gestora de Atividades Culturais da FCMS, Eliane dos Santos Miranda.<\/p>\n<p><strong>INSCRI\u00c7\u00d5ES<\/strong><\/p>\n<p>As inscri\u00e7\u00f5es para o recebimento do aux\u00edlio emergencial da Lei Aldir Blanc terminam no pr\u00f3ximo dia 22 de outubro e podem ser feitas no site www.fundacaodecultura.ms.gov.b\/lei-aldir-blanc<\/p>\n","protected":false},"excerpt":{"rendered":"<p>A equipe da Funda\u00e7\u00e3o de Cultura de Mato Grosso do Sul (FCMS) enviou aos gestores&#8230;<\/p>\n","protected":false},"author":13,"featured_media":0,"comment_status":"closed","ping_status":"closed","sticky":false,"template":"","format":"standard","meta":{"footnotes":""},"categories":[7],"tags":[],"class_list":["post-11709608","post","type-post","status-publish","format-standard","hentry","category-cultura"],"_links":{"self":[{"href":"https:\/\/www.corumbaonline.com.br\/news\/wp-json\/wp\/v2\/posts\/11709608","targetHints":{"allow":["GET"]}}],"collection":[{"href":"https:\/\/www.corumbaonline.com.br\/news\/wp-json\/wp\/v2\/posts"}],"about":[{"href":"https:\/\/www.corumbaonline.com.br\/news\/wp-json\/wp\/v2\/types\/post"}],"author":[{"embeddable":true,"href":"https:\/\/www.corumbaonline.com.br\/news\/wp-json\/wp\/v2\/users\/13"}],"replies":[{"embeddable":true,"href":"https:\/\/www.corumbaonline.com.br\/news\/wp-json\/wp\/v2\/comments?post=11709608"}],"version-history":[{"count":1,"href":"https:\/\/www.corumbaonline.com.br\/news\/wp-json\/wp\/v2\/posts\/11709608\/revisions"}],"predecessor-version":[{"id":11709609,"href":"https:\/\/www.corumbaonline.com.br\/news\/wp-json\/wp\/v2\/posts\/11709608\/revisions\/11709609"}],"wp:attachment":[{"href":"https:\/\/www.corumbaonline.com.br\/news\/wp-json\/wp\/v2\/media?parent=11709608"}],"wp:term":[{"taxonomy":"category","embeddable":true,"href":"https:\/\/www.corumbaonline.com.br\/news\/wp-json\/wp\/v2\/categories?post=11709608"},{"taxonomy":"post_tag","embeddable":true,"href":"https:\/\/www.corumbaonline.com.br\/news\/wp-json\/wp\/v2\/tags?post=11709608"}],"curies":[{"name":"wp","href":"https:\/\/api.w.org\/{rel}","templated":true}]}}