{"id":11709628,"date":"2020-10-19T10:30:00","date_gmt":"2020-10-19T14:30:00","guid":{"rendered":"http:\/\/www.corumbaonline.com.br\/news\/?p=11709628"},"modified":"2020-10-19T15:37:06","modified_gmt":"2020-10-19T19:37:06","slug":"edital-publicado-hoje-vai-premiar-oficinas-de-artesanato-online","status":"publish","type":"post","link":"https:\/\/www.corumbaonline.com.br\/news\/edital-publicado-hoje-vai-premiar-oficinas-de-artesanato-online\/","title":{"rendered":"Edital publicado hoje vai premiar oficinas de artesanato online"},"content":{"rendered":"<p>Foi publicado no Di\u00e1rio Oficial (DOE) desta segunda-feira (19) o edital do \u201cPr\u00eamio Artesania Online \u2013 Lei Aldir Blanc\u201d, visando \u00e0 premia\u00e7\u00e3o de propostas que contenham produtos culturais aptos a manter a Cultura de Mato Grosso do Sul viva e em circula\u00e7\u00e3o, sejam aqueles j\u00e1 produzidos antes ou durante o estado de calamidade p\u00fablica em decorr\u00eancia da pandemia do novo coronav\u00edrus.<\/p>\n<p>Ser\u00e3o selecionados at\u00e9 22 (vinte e dois) produtos culturais (que corresponde ao n\u00famero de vagas deste Edital) produzidos antes ou durante a pandemia, de artistas residentes e domiciliados no territ\u00f3rio de Mato Grosso do Sul, sejam pessoas f\u00edsicas ou microempreendedores individuais com atividade empresarial art\u00edstica-cultural, organizados em grupos ou individualmente (artistas solo), ou pessoas jur\u00eddicas de direito privado sem fins lucrativos (associa\u00e7\u00f5es).<\/p>\n<p>Os selecionados receber\u00e3o pr\u00eamio no valor de R$ 5 mil cada para oficinas de artesanato online. O produto cultural produzido apto a participar da sele\u00e7\u00e3o de premia\u00e7\u00e3o constitui-se de oficina de artesanato com dura\u00e7\u00e3o entre 30 a 40 minutos, produzida e gravada pelo pr\u00f3prio artes\u00e3o com a finalidade de exibi\u00e7\u00e3o online.<\/p>\n<p>Os crit\u00e9rios que ser\u00e3o pontuados pela Comiss\u00e3o Especial de Sele\u00e7\u00e3o s\u00e3o: Refer\u00eancia \u00e0 cultura popular em sua execu\u00e7\u00e3o; Criatividade; Did\u00e1tica do ministrante; Tradi\u00e7\u00e3o; Consci\u00eancia ambiental e Produ\u00e7\u00e3o artesanal associada \u00e0 cultura local em seus temas.<\/p>\n<p>Dever\u00e1 ser encaminhada com a inscri\u00e7\u00e3o o v\u00eddeo da oficina de artesanato ministrada pelo artes\u00e3o, com dura\u00e7\u00e3o entre 30 e 40 minutos, curr\u00edculo art\u00edstico do candidato\/portf\u00f3lio e c\u00f3pia da Carteira Nacional do Artes\u00e3o.<\/p>\n<p>Os crit\u00e9rios que ser\u00e3o pontuados pela Comiss\u00e3o Especial de Sele\u00e7\u00e3o s\u00e3o: Refer\u00eancia \u00e0 cultura popular em sua execu\u00e7\u00e3o; Criatividade; Did\u00e1tica do ministrante; Tradi\u00e7\u00e3o; Consci\u00eancia ambiental e Produ\u00e7\u00e3o artesanal associada \u00e0 cultura local em seus temas.<\/p>\n<p>As pessoas f\u00edsicas ou jur\u00eddicas, seja na condi\u00e7\u00e3o de interessado principal (proponente), membro do grupo\/banda ou coletivo ou ainda compondo equipe t\u00e9cnica, poder\u00e3o participar de at\u00e9 3 (tr\u00eas) editais, chamamentos ou outros instrumentos lan\u00e7ados dentro do PAECult, institu\u00eddo pelo artigo 1\u00ba do Decreto Estadual n.\u00ba 15.523\/2020, mas s\u00f3 poder\u00e3o ser premiados, remunerados ou receberem quaisquer tipos de pagamento, premia\u00e7\u00e3o ou remunera\u00e7\u00e3o por um \u00fanico edital, chamamento ou outro instrumento.<\/p>\n<p>As inscri\u00e7\u00f5es dever\u00e3o ser realizadas a partir das 8 horas do dia 19 de outubro de 2020 at\u00e9 \u00e0s 23 horas e 59 minutos do dia 28 de outubro de 2020, hor\u00e1rios de Mato Grosso do Sul, no endere\u00e7o eletr\u00f4nico\u00a0<a href=\"https:\/\/forms.gle\/9q9kwHSifufHnh3f9\">https:\/\/forms.gl\/9q9kwHSifufHnh3f9<\/a>\u00a0onde cada proponente dever\u00e1 encaminhar todos os documentos exigidos para a inscri\u00e7\u00e3o, sob pena de desclassifica\u00e7\u00e3o imediata pela Comiss\u00e3o Especial de Sele\u00e7\u00e3o. Os documentos dever\u00e3o ser encaminhados scanneados e leg\u00edveis.<\/p>\n<p>Clique\u00a0<a href=\"https:\/\/www.spdo.ms.gov.br\/diariodoe\/Index\/Download\/DO10304_19_10_2020\">aqui<\/a>\u00a0para acessar o edital na \u00edntegra, com a ficha de inscri\u00e7\u00e3o e documentos necess\u00e1rios para a participa\u00e7\u00e3o na licita\u00e7\u00e3o (p\u00e1gina 75 do Di\u00e1rio Oficial do Estado do dia 19 de outubro de 2020).<\/p>\n","protected":false},"excerpt":{"rendered":"<p>Foi publicado no Di\u00e1rio Oficial (DOE) desta segunda-feira (19) o edital do \u201cPr\u00eamio Artesania Online&#8230;<\/p>\n","protected":false},"author":13,"featured_media":0,"comment_status":"closed","ping_status":"closed","sticky":false,"template":"","format":"standard","meta":{"footnotes":""},"categories":[7],"tags":[],"class_list":["post-11709628","post","type-post","status-publish","format-standard","hentry","category-cultura"],"_links":{"self":[{"href":"https:\/\/www.corumbaonline.com.br\/news\/wp-json\/wp\/v2\/posts\/11709628","targetHints":{"allow":["GET"]}}],"collection":[{"href":"https:\/\/www.corumbaonline.com.br\/news\/wp-json\/wp\/v2\/posts"}],"about":[{"href":"https:\/\/www.corumbaonline.com.br\/news\/wp-json\/wp\/v2\/types\/post"}],"author":[{"embeddable":true,"href":"https:\/\/www.corumbaonline.com.br\/news\/wp-json\/wp\/v2\/users\/13"}],"replies":[{"embeddable":true,"href":"https:\/\/www.corumbaonline.com.br\/news\/wp-json\/wp\/v2\/comments?post=11709628"}],"version-history":[{"count":1,"href":"https:\/\/www.corumbaonline.com.br\/news\/wp-json\/wp\/v2\/posts\/11709628\/revisions"}],"predecessor-version":[{"id":11709629,"href":"https:\/\/www.corumbaonline.com.br\/news\/wp-json\/wp\/v2\/posts\/11709628\/revisions\/11709629"}],"wp:attachment":[{"href":"https:\/\/www.corumbaonline.com.br\/news\/wp-json\/wp\/v2\/media?parent=11709628"}],"wp:term":[{"taxonomy":"category","embeddable":true,"href":"https:\/\/www.corumbaonline.com.br\/news\/wp-json\/wp\/v2\/categories?post=11709628"},{"taxonomy":"post_tag","embeddable":true,"href":"https:\/\/www.corumbaonline.com.br\/news\/wp-json\/wp\/v2\/tags?post=11709628"}],"curies":[{"name":"wp","href":"https:\/\/api.w.org\/{rel}","templated":true}]}}