{"id":11709633,"date":"2020-10-20T08:11:00","date_gmt":"2020-10-20T12:11:00","guid":{"rendered":"http:\/\/www.corumbaonline.com.br\/news\/?p=11709633"},"modified":"2020-10-20T08:12:33","modified_gmt":"2020-10-20T12:12:33","slug":"alms-tres-projetos-devem-ser-votados-na-sessao-ordinaria-desta-terca-feira","status":"publish","type":"post","link":"https:\/\/www.corumbaonline.com.br\/news\/alms-tres-projetos-devem-ser-votados-na-sessao-ordinaria-desta-terca-feira\/","title":{"rendered":"ALMS: tr\u00eas projetos devem ser votados na sess\u00e3o ordin\u00e1ria desta ter\u00e7a-feira"},"content":{"rendered":"<p>Os deputados da Assembleia Legislativa de Mato Grosso do Sul (ALEMS) devem apreciar tr\u00eas projetos de lei durante a Ordem do Dia desta ter\u00e7a-feira (20). Todas as propostas obtiveram pareceres favor\u00e1veis por unanimidade da Comiss\u00e3o de Constitui\u00e7\u00e3o, Justi\u00e7a e Reda\u00e7\u00e3o (CCJR).<\/p>\n<p><strong>Discuss\u00e3o \u00fanica<\/strong><\/p>\n<p>O\u00a0<a href=\"http:\/\/sgpl.consulta.al.ms.gov.br\/sgpl-publico\/#\/linha-tempo?idProposicao=90519\" target=\"_blank\" rel=\"noopener noreferrer\">Projeto de Lei n\u00ba 173 de 2020<\/a>,\u00a0<a href=\"https:\/\/al.ms.gov.br\/Noticias\/98530\/projeto-declara-instituto-novo-olhar-como-de-utilidade-publica\" target=\"_blank\" rel=\"noopener noreferrer\">apresentado pelo deputado Cabo Almi<\/a>\u00a0(PT), pretende declarar de utilidade p\u00fablica o Instituto Novo Olhar. A organiza\u00e7\u00e3o sem fins lucrativos, que foi criada em 28 de agosto de 2015 em Corumb\u00e1, tem o objetivo de dar mobilidade, acessibilidade e autoestima a crian\u00e7as e adolescentes em situa\u00e7\u00e3o de vulnerabilidade social.<\/p>\n<p>De\u00a0<a href=\"https:\/\/al.ms.gov.br\/Noticias\/98567\/utilidade-publica-foi-proposta-ao-fundo-de-assistencia-ao-guarda-civil-municipal\" target=\"_blank\" rel=\"noopener noreferrer\">autoria do deputado Lidio Lopes<\/a>\u00a0(PATRI), o\u00a0<a href=\"http:\/\/sgpl.consulta.al.ms.gov.br\/sgpl-publico\/#\/linha-tempo?idProposicao=90640\" target=\"_blank\" rel=\"noopener noreferrer\">Projeto de Lei n\u00ba 179 de 2020<\/a>\u00a0tem o objetivo de declarar utilidade p\u00fablica estadual o Fundo de Assist\u00eancia ao Guarda Civil Municipal (FAG), de Campo Grande.<\/p>\n<p><strong>1\u00aa discuss\u00e3o<\/strong><\/p>\n<p>O\u00a0<a href=\"http:\/\/sgpl.consulta.al.ms.gov.br\/sgpl-publico\/#\/linha-tempo?idProposicao=90143\" target=\"_blank\" rel=\"noopener noreferrer\">Projeto de Lei n\u00ba 175 de 2020<\/a>,\u00a0<a href=\"https:\/\/al.ms.gov.br\/Noticias\/98540\/projeto-de-lei-institui-a-semana-estadual-da-suinocultura\" target=\"_blank\" rel=\"noopener noreferrer\">proposto pelo deputado Renato C\u00e2mara<\/a>\u00a0(MDB), institui a Semana Estadual da Suinocultura. A inten\u00e7\u00e3o \u00e9 que o evento seja realizado, anualmente, de 27 de julho a 2 de agosto.<\/p>\n<p>A vota\u00e7\u00e3o das propostas segue de maneira remota e pode ser acompanhada ao vivo\u00a0pelo canal 9 da Claro Net TV,\u00a0<a href=\"https:\/\/al.ms.gov.br\/TvAssembleia\">TV ALEMS<\/a>,\u00a0<a href=\"https:\/\/www.youtube.com\/c\/assembleialegislativadems\">Youtube<\/a>,\u00a0<a href=\"https:\/\/www.facebook.com\/assembleiams\">Facebook<\/a>,\u00a0<a href=\"https:\/\/al.ms.gov.br\/RadioAssembleia\/Audios?idMenu=601\">R\u00e1dio ALEMS<\/a>\u00a0ou aplicativo Assembleia MS (<a href=\"https:\/\/play.google.com\/store\/apps\/details?id=br.com.app.gpu1553513.gpu40f07c507865e03ef66422c7404ba120&amp;hl=pt_BR\">Android<\/a>\/<a href=\"https:\/\/apps.apple.com\/br\/app\/assembleia-legislativa-do-ms\/id1185708415\">iOS<\/a>). A sess\u00e3o ordin\u00e1ria tem in\u00edcio a partir das 9h.<\/p>\n","protected":false},"excerpt":{"rendered":"<p>Os deputados da Assembleia Legislativa de Mato Grosso do Sul (ALEMS) devem apreciar tr\u00eas projetos&#8230;<\/p>\n","protected":false},"author":12,"featured_media":0,"comment_status":"closed","ping_status":"closed","sticky":false,"template":"","format":"standard","meta":{"footnotes":""},"categories":[19],"tags":[],"class_list":["post-11709633","post","type-post","status-publish","format-standard","hentry","category-politica"],"_links":{"self":[{"href":"https:\/\/www.corumbaonline.com.br\/news\/wp-json\/wp\/v2\/posts\/11709633","targetHints":{"allow":["GET"]}}],"collection":[{"href":"https:\/\/www.corumbaonline.com.br\/news\/wp-json\/wp\/v2\/posts"}],"about":[{"href":"https:\/\/www.corumbaonline.com.br\/news\/wp-json\/wp\/v2\/types\/post"}],"author":[{"embeddable":true,"href":"https:\/\/www.corumbaonline.com.br\/news\/wp-json\/wp\/v2\/users\/12"}],"replies":[{"embeddable":true,"href":"https:\/\/www.corumbaonline.com.br\/news\/wp-json\/wp\/v2\/comments?post=11709633"}],"version-history":[{"count":1,"href":"https:\/\/www.corumbaonline.com.br\/news\/wp-json\/wp\/v2\/posts\/11709633\/revisions"}],"predecessor-version":[{"id":11709634,"href":"https:\/\/www.corumbaonline.com.br\/news\/wp-json\/wp\/v2\/posts\/11709633\/revisions\/11709634"}],"wp:attachment":[{"href":"https:\/\/www.corumbaonline.com.br\/news\/wp-json\/wp\/v2\/media?parent=11709633"}],"wp:term":[{"taxonomy":"category","embeddable":true,"href":"https:\/\/www.corumbaonline.com.br\/news\/wp-json\/wp\/v2\/categories?post=11709633"},{"taxonomy":"post_tag","embeddable":true,"href":"https:\/\/www.corumbaonline.com.br\/news\/wp-json\/wp\/v2\/tags?post=11709633"}],"curies":[{"name":"wp","href":"https:\/\/api.w.org\/{rel}","templated":true}]}}