{"id":11709646,"date":"2020-10-21T07:50:00","date_gmt":"2020-10-21T11:50:00","guid":{"rendered":"http:\/\/www.corumbaonline.com.br\/news\/?p=11709646"},"modified":"2020-10-21T07:36:36","modified_gmt":"2020-10-21T11:36:36","slug":"alms-deputados-devem-votar-tres-materias-na-ordem-do-dia-desta-quarta-feira","status":"publish","type":"post","link":"https:\/\/www.corumbaonline.com.br\/news\/alms-deputados-devem-votar-tres-materias-na-ordem-do-dia-desta-quarta-feira\/","title":{"rendered":"ALMS: deputados devem votar tr\u00eas mat\u00e9rias na Ordem do Dia desta quarta-feira"},"content":{"rendered":"<p>Est\u00e1 pautada para a Ordem do Dia desta quarta-feira (21) a vota\u00e7\u00e3o de tr\u00eas projetos de lei. A aprecia\u00e7\u00e3o das propostas acontece de maneira remota e pode ser acompanhada ao vivo\u00a0pelo canal 9 da Claro Net TV,\u00a0<a href=\"https:\/\/al.ms.gov.br\/TvAssembleia\">TV ALEMS<\/a>,\u00a0<a href=\"https:\/\/www.youtube.com\/c\/assembleialegislativadems\">Youtube<\/a>,\u00a0<a href=\"https:\/\/www.facebook.com\/assembleiams\">Facebook<\/a>,\u00a0<a href=\"https:\/\/al.ms.gov.br\/RadioAssembleia\/Audios?idMenu=601\">R\u00e1dio ALEMS<\/a>\u00a0ou aplicativo Assembleia MS (<a href=\"https:\/\/play.google.com\/store\/apps\/details?id=br.com.app.gpu1553513.gpu40f07c507865e03ef66422c7404ba120&amp;hl=pt_BR\">Android<\/a>\/<a href=\"https:\/\/apps.apple.com\/br\/app\/assembleia-legislativa-do-ms\/id1185708415\">iOS<\/a>). A sess\u00e3o ordin\u00e1ria tem in\u00edcio a partir das 9h.<\/p>\n<p><strong>2\u00aa discuss\u00e3o<\/strong><\/p>\n<p>O\u00a0<a href=\"http:\/\/sgpl.consulta.al.ms.gov.br\/sgpl-publico\/#\/linha-tempo?idProposicao=86691\" target=\"_blank\" rel=\"noopener noreferrer\">Projeto de Lei n\u00ba de 266 de 2019<\/a>\u00a0disp\u00f5e sobre a obrigatoriedade de os condom\u00ednios residenciais, localizados em Mato Grosso do Sul, comunicarem aos \u00f3rg\u00e3os de Seguran\u00e7a P\u00fablica a ocorr\u00eancia ou ind\u00edcios de ocorr\u00eancia de viol\u00eancia dom\u00e9stica e familiar contra mulheres, crian\u00e7as, adolescentes, pessoas com defici\u00eancia ou idosos.<\/p>\n<p>A\u00a0<a href=\"https:\/\/al.ms.gov.br\/Noticias\/94721\/proposta-obriga-condominios-a-comunicar-indicios-e-ocorrencias-de-violencia-domestica\" target=\"_blank\" rel=\"noopener noreferrer\">proposta apresentada pelo deputado Mar\u00e7al Filho<\/a>\u00a0(PSDB) conta com pareceres favor\u00e1veis da Comiss\u00e3o de Defesa dos Direitos da Mulher e Combate \u00e0 Viol\u00eancia Dom\u00e9stica e Familiar e da Comiss\u00e3o de Servi\u00e7o P\u00fablico, Obras, Transporte, Infraestrutura e Administra\u00e7\u00e3o.<\/p>\n<p><a href=\"https:\/\/al.ms.gov.br\/Noticias\/92476\/detran-ms-podera-enviar-mensagem-sobre-vencimento-de-cnh\" target=\"_blank\" rel=\"noopener noreferrer\">Tamb\u00e9m de autoria do deputado<\/a>, o\u00a0<a href=\"http:\/\/sgpl.consulta.al.ms.gov.br\/sgpl-publico\/#\/linha-tempo?idProposicao=88595\" target=\"_blank\" rel=\"noopener noreferrer\">Projeto de Lei n\u00ba 38 de 2020<\/a>\u00a0acrescenta o art. 1\u00b0-A \u00e0\u00a0<a href=\"http:\/\/aacpdappls.net.ms.gov.br\/appls\/legislacao\/secoge\/govato.nsf\/1b758e65922af3e904256b220050342a\/25e7682fb881a982042573b70047e65b?OpenDocument&amp;Highlight=2,3.472\" target=\"_blank\" rel=\"noopener noreferrer\">Lei n\u00b0 3.472<\/a>, de 19 de dezembro de 2007 &#8211; que trata da notifica\u00e7\u00e3o eletr\u00f4nica sobre vencimento de carteira de habilita\u00e7\u00e3o. A proposta obteve pareceres favor\u00e1veis da Comiss\u00e3o de Finan\u00e7as e Or\u00e7amento e da Comiss\u00e3o de Servi\u00e7o P\u00fablico, Obras, Transporte, Infraestrutura e Administra\u00e7\u00e3o.<\/p>\n<p><strong>Discuss\u00e3o \u00fanica<\/strong><\/p>\n<p>O\u00a0<a href=\"http:\/\/sgpl.consulta.al.ms.gov.br\/sgpl-publico\/#\/linha-tempo?idProposicao=90519\" target=\"_blank\" rel=\"noopener noreferrer\">Projeto de Lei n\u00ba 173 de 2020<\/a>,\u00a0<a href=\"https:\/\/al.ms.gov.br\/Noticias\/98530\/projeto-declara-instituto-novo-olhar-como-de-utilidade-publica\" target=\"_blank\" rel=\"noopener noreferrer\">do deputado Cabo Almi<\/a>\u00a0(PT), declara de utilidade p\u00fablica o Instituto Novo Olhar. A Comiss\u00e3o de Constitui\u00e7\u00e3o, Justi\u00e7a e Reda\u00e7\u00e3o (CCJR) emitiu parecer favor\u00e1vel por unanimidade \u00e0 tramita\u00e7\u00e3o do projeto.<\/p>\n","protected":false},"excerpt":{"rendered":"<p>Est\u00e1 pautada para a Ordem do Dia desta quarta-feira (21) a vota\u00e7\u00e3o de tr\u00eas projetos&#8230;<\/p>\n","protected":false},"author":12,"featured_media":0,"comment_status":"closed","ping_status":"closed","sticky":false,"template":"","format":"standard","meta":{"footnotes":""},"categories":[19],"tags":[],"class_list":["post-11709646","post","type-post","status-publish","format-standard","hentry","category-politica"],"_links":{"self":[{"href":"https:\/\/www.corumbaonline.com.br\/news\/wp-json\/wp\/v2\/posts\/11709646","targetHints":{"allow":["GET"]}}],"collection":[{"href":"https:\/\/www.corumbaonline.com.br\/news\/wp-json\/wp\/v2\/posts"}],"about":[{"href":"https:\/\/www.corumbaonline.com.br\/news\/wp-json\/wp\/v2\/types\/post"}],"author":[{"embeddable":true,"href":"https:\/\/www.corumbaonline.com.br\/news\/wp-json\/wp\/v2\/users\/12"}],"replies":[{"embeddable":true,"href":"https:\/\/www.corumbaonline.com.br\/news\/wp-json\/wp\/v2\/comments?post=11709646"}],"version-history":[{"count":1,"href":"https:\/\/www.corumbaonline.com.br\/news\/wp-json\/wp\/v2\/posts\/11709646\/revisions"}],"predecessor-version":[{"id":11709647,"href":"https:\/\/www.corumbaonline.com.br\/news\/wp-json\/wp\/v2\/posts\/11709646\/revisions\/11709647"}],"wp:attachment":[{"href":"https:\/\/www.corumbaonline.com.br\/news\/wp-json\/wp\/v2\/media?parent=11709646"}],"wp:term":[{"taxonomy":"category","embeddable":true,"href":"https:\/\/www.corumbaonline.com.br\/news\/wp-json\/wp\/v2\/categories?post=11709646"},{"taxonomy":"post_tag","embeddable":true,"href":"https:\/\/www.corumbaonline.com.br\/news\/wp-json\/wp\/v2\/tags?post=11709646"}],"curies":[{"name":"wp","href":"https:\/\/api.w.org\/{rel}","templated":true}]}}