{"id":11709652,"date":"2020-10-21T08:34:00","date_gmt":"2020-10-21T12:34:00","guid":{"rendered":"http:\/\/www.corumbaonline.com.br\/news\/?p=11709652"},"modified":"2020-10-21T08:30:23","modified_gmt":"2020-10-21T12:30:23","slug":"prorrogadas-inscricoes-para-cursos-tecnicos-integrados","status":"publish","type":"post","link":"https:\/\/www.corumbaonline.com.br\/news\/prorrogadas-inscricoes-para-cursos-tecnicos-integrados\/","title":{"rendered":"Prorrogadas inscri\u00e7\u00f5es para cursos t\u00e9cnicos integrados"},"content":{"rendered":"<p>O Instituto Federal de Mato Grosso do Sul (IFMS) prorrogou at\u00e9 o dia 4 de novembro o prazo de inscri\u00e7\u00f5es no processo seletivo para ingresso em cursos t\u00e9cnicos integrados ao ensino m\u00e9dio no primeiro semestre de 2021.<\/p>\n<p>O\u00a0<a class=\"external-link\" title=\"novo cronograma do processo seletivo\" href=\"http:\/\/selecao.ifms.edu.br\/edital\/files\/processo-seletivo-2021-tecnico-de-nivel-medio-integrado-edital-054-2020-edital-054-5-2020-retificacao.pdf\" target=\"_blank\" rel=\"noopener noreferrer\">novo cronograma do processo seletivo<\/a>\u00a0est\u00e1 publicado na Central de Sele\u00e7\u00e3o do IFMS, onde est\u00e3o dispon\u00edveis\u00a0<a class=\"external-link\" title=\"todos os documentos relacionados ao certame\" href=\"http:\/\/selecao.ifms.edu.br\/perfil\/estudantes\/estudante-selecao-2021-tecnico-de-nivel-medio-integrado-edital-054-2020\" target=\"_blank\" rel=\"noopener noreferrer\">todos os documentos relacionados ao certame<\/a>.<\/p>\n<p>S\u00e3o ofertadas 1.520 vagas em 11 op\u00e7\u00f5es de cursos nos munic\u00edpios de Aquidauana, Campo Grande, Corumb\u00e1, Coxim, Dourados, Jardim, Navira\u00ed, Nova Andradina, Ponta Por\u00e3 e Tr\u00eas Lagoas.<\/p>\n<p>A\u00a0<a class=\"external-link\" title=\"p\u00e1gina IFMS Sele\u00e7\u00e3o 2021\" href=\"https:\/\/www.ifms.edu.br\/selecao2021\" target=\"_blank\" rel=\"noopener noreferrer\">p\u00e1gina Sele\u00e7\u00e3o IFMS 2021<\/a>\u00a0traz os detalhes dos cursos oferecidos em cada munic\u00edpio, al\u00e9m de todas as informa\u00e7\u00f5es sobre o processo seletivo.<\/p>\n<p>O candidato deve ter o ensino fundamental completo at\u00e9 a data de matr\u00edcula, prevista para janeiro de 2021, e possuir Cadastro de Pessoa F\u00edsica (CPF) em seu nome.<\/p>\n<p>A sele\u00e7\u00e3o ser\u00e1 feita com base nas notas que o candidato obteve em L\u00edngua Portuguesa, Matem\u00e1tica, Ci\u00eancias, Hist\u00f3ria e Geografia no 8\u00ba ano do ensino fundamental, que devem ser inseridas no sistema de inscri\u00e7\u00e3o. Para comprovar as informa\u00e7\u00f5es, \u00e9 preciso anexar um documento escolar como, por exemplo, o boletim.<\/p>\n<p><strong>Inscri\u00e7\u00f5es<\/strong>\u00a0&#8211; S\u00e3o gratuitas e devem ser feitas na\u00a0<a class=\"external-link\" title=\"P\u00e1gina do Candidato da Central de Sele\u00e7\u00e3o\" href=\"http:\/\/selecao.ifms.edu.br\/login\" target=\"_blank\" rel=\"noopener noreferrer\">P\u00e1gina do Candidato da Central de Sele\u00e7\u00e3o<\/a>, onde \u00e9 poss\u00edvel consultar as\u00a0<a class=\"external-link\" title=\"instru\u00e7\u00f5es para a realiza\u00e7\u00e3o das inscri\u00e7\u00f5es\" href=\"http:\/\/selecao.ifms.edu.br\/edital\/files\/processo-seletivo-2021-tecnico-de-nivel-medio-integrado-edital-054-2020-instrucoes-para-realizacao-de-inscricao.pdf\" target=\"_blank\" rel=\"noopener noreferrer\">instru\u00e7\u00f5es para a realiza\u00e7\u00e3o das inscri\u00e7\u00f5es<\/a>.<\/p>\n<p><strong>Atendimento presencial<\/strong>\u00a0&#8211; Tamb\u00e9m at\u00e9 4 de novembro, o candidato sem acesso \u00e0 internet ou computador pode agendar a ida ao campus do IFMS para fazer ele pr\u00f3prio a inscri\u00e7\u00e3o em um equipamento da institui\u00e7\u00e3o.<\/p>\n<p>O agendamento deve ser feito pelo WhatsApp, de acordo com os telefones disponibilizados na\u00a0<a class=\"external-link\" title=\"p\u00e1gina Contatos da Sele\u00e7\u00e3o IFMS 2021\" href=\"https:\/\/www.ifms.edu.br\/selecao2021\/contato\" target=\"_blank\" rel=\"noopener noreferrer\">p\u00e1gina Contatos da Sele\u00e7\u00e3o IFMS 2021<\/a>, onde tamb\u00e9m est\u00e3o dispon\u00edveis os endere\u00e7os dos campi e os dias da semana e hor\u00e1rios em que est\u00e3o sendo feitos os atendimentos presenciais.<\/p>\n<p><strong>A\u00e7\u00e3o Afirmativa (cotas)<\/strong>\u00a0&#8211; Metade das vagas \u00e9 reservada a candidatos que estudaram em escola p\u00fablica. Desse total, h\u00e1 cotas para aqueles que comprovarem renda familiar bruta mensal\u00a0<em>per capita<\/em>\u00a0igual ou inferior a um sal\u00e1rio m\u00ednimo e meio, aos que se autodeclararem pretos, pardos e ind\u00edgenas, e a pessoas com defici\u00eancia.<\/p>\n<p>A op\u00e7\u00e3o de benefici\u00e1rio de a\u00e7\u00e3o afirmativa (cotista) deve ser informada no ato da inscri\u00e7\u00e3o.<\/p>\n<p>Os cotistas aprovados no processo seletivo dever\u00e3o comprovar essa condi\u00e7\u00e3o no ato da matr\u00edcula, caso contr\u00e1rio perder\u00e3o a vaga e ser\u00e3o reclassificados em lista de espera.<\/p>\n<p>Os candidatos que se autodeclararem pretos ou pardos dever\u00e3o passar por uma banca de heteroidentifica\u00e7\u00e3o, para constata\u00e7\u00e3o da veracidade da autodeclara\u00e7\u00e3o.<\/p>\n<p><strong>Novo cronograma<\/strong>\u00a0&#8211; A previs\u00e3o \u00e9 que a lista de inscri\u00e7\u00f5es deferidas e indeferidas seja publicada no dia 20 de novembro.<\/p>\n<p>A homologa\u00e7\u00e3o dos inscritos ser\u00e1 divulgada no dia 2 de dezembro, e a classifica\u00e7\u00e3o preliminar est\u00e1 agendada para o dia 4 de janeiro.<\/p>\n<p>As bancas de heteroidentifica\u00e7\u00e3o para os candidatos que se autodeclararem pretos ou pardos ser\u00e3o realizadas entre os dias 10 e 23 de dezembro.<\/p>\n<p>O resultado final e a primeira chamada do processo seletivo ser\u00e3o publicados no dia 8 de janeiro, com matr\u00edculas entre os dias 12 e 14 do mesmo m\u00eas.<\/p>\n<p><strong>Vagas\u00a0<\/strong>(os links da tabela abaixo levam \u00e0s p\u00e1ginas dos campi e dos cursos)<\/p>\n<table class=\"plain\">\n<tbody>\n<tr>\n<td><b>Campus<\/b><\/td>\n<td><b>Curso<\/b><\/td>\n<td><b>Turno<\/b><\/td>\n<td><b>Vagas<\/b><\/td>\n<\/tr>\n<tr>\n<td rowspan=\"4\"><a class=\"external-link\" title=\"\" href=\"https:\/\/www.ifms.edu.br\/campi\/campus-aquidauana\" target=\"_self\" rel=\"noopener noreferrer\">Aquidauana<\/a><\/td>\n<td rowspan=\"2\"><a class=\"external-link\" title=\"\" href=\"https:\/\/www.ifms.edu.br\/campi\/campus-aquidauana\/cursos\/integrado\/edificacoes\" target=\"_self\" rel=\"noopener noreferrer\">T\u00e9cnico em Edifica\u00e7\u00f5es<\/a><\/td>\n<td>Matutino<\/td>\n<td>40<\/td>\n<\/tr>\n<tr>\n<td>Vespertino<\/td>\n<td>40<\/td>\n<\/tr>\n<tr>\n<td rowspan=\"2\"><a class=\"external-link\" title=\"\" href=\"https:\/\/www.ifms.edu.br\/campi\/campus-aquidauana\/cursos\/integrado\/informatica\" target=\"_self\" rel=\"noopener noreferrer\">T\u00e9cnico em Inform\u00e1tica<\/a><\/td>\n<td>Matutino<\/td>\n<td>40<\/td>\n<\/tr>\n<tr>\n<td>Vespertino<\/td>\n<td>40<\/td>\n<\/tr>\n<tr>\n<td rowspan=\"6\"><a class=\"external-link\" title=\"\" href=\"https:\/\/www.ifms.edu.br\/campi\/campus-campo-grande\" target=\"_self\" rel=\"noopener noreferrer\">Campo Grande<\/a><\/td>\n<td rowspan=\"2\"><a class=\"external-link\" title=\"\" href=\"https:\/\/www.ifms.edu.br\/campi\/campus-campo-grande\/cursos\/integrados\/integrado\/resolveuid\/cdef8dcebbe541859a584642542019d9\" target=\"_self\" rel=\"noopener noreferrer\">T\u00e9cnico em Eletrot\u00e9cnica<\/a><\/td>\n<td>Matutino<\/td>\n<td>40<\/td>\n<\/tr>\n<tr>\n<td>Vespertino<\/td>\n<td>40<\/td>\n<\/tr>\n<tr>\n<td rowspan=\"2\"><a class=\"external-link\" title=\"\" href=\"https:\/\/www.ifms.edu.br\/campi\/campus-campo-grande\/cursos\/integrados\/integrado\/resolveuid\/6ee161cebc48424c87cfc0468b564409\" target=\"_self\" rel=\"noopener noreferrer\">T\u00e9cnico em Inform\u00e1tica<\/a><\/td>\n<td>Matutino<\/td>\n<td>40<\/td>\n<\/tr>\n<tr>\n<td>Vespertino<\/td>\n<td>40<\/td>\n<\/tr>\n<tr>\n<td rowspan=\"2\"><a class=\"external-link\" title=\"\" href=\"https:\/\/www.ifms.edu.br\/campi\/campus-campo-grande\/cursos\/integrados\/integrado\/resolveuid\/a3f7c6abef7f4a94a2301b2249183c14\" target=\"_self\" rel=\"noopener noreferrer\">T\u00e9cnico em Mec\u00e2nica<\/a><\/td>\n<td>Matutino<\/td>\n<td>40<\/td>\n<\/tr>\n<tr>\n<td>Vespertino<\/td>\n<td>40<\/td>\n<\/tr>\n<tr>\n<td rowspan=\"2\"><a class=\"external-link\" title=\"\" href=\"https:\/\/www.ifms.edu.br\/campi\/campus-corumba\" target=\"_self\" rel=\"noopener noreferrer\">Corumb\u00e1<\/a><\/td>\n<td><a class=\"external-link\" title=\"\" href=\"https:\/\/www.ifms.edu.br\/campi\/campus-corumba\/cursos\/integrado\/integrado\/resolveuid\/491f44fccf28451a976d11982553a3b0\" target=\"_self\" rel=\"noopener noreferrer\">T\u00e9cnico em Inform\u00e1tica<\/a><\/td>\n<td>Matutino<\/td>\n<td>40<\/td>\n<\/tr>\n<tr>\n<td><a class=\"external-link\" title=\"\" href=\"https:\/\/www.ifms.edu.br\/campi\/campus-corumba\/cursos\/integrado\/integrado\/resolveuid\/506fba8302cb4450a3c7bc2de062f65f\" target=\"_self\" rel=\"noopener noreferrer\">T\u00e9cnico em Metalurgia<\/a><\/td>\n<td>Vespertino<\/td>\n<td>40<\/td>\n<\/tr>\n<tr>\n<td rowspan=\"3\"><a class=\"external-link\" title=\"\" href=\"https:\/\/www.ifms.edu.br\/campi\/campus-coxim\" target=\"_self\" rel=\"noopener noreferrer\">Coxim<\/a><\/td>\n<td><a class=\"external-link\" title=\"\" href=\"https:\/\/www.ifms.edu.br\/campi\/campus-coxim\/cursos\/integrado\/integrado\/resolveuid\/1c28aec354854c0693656f488c04ab31\" target=\"_self\" rel=\"noopener noreferrer\">T\u00e9cnico em Alimentos<\/a><\/td>\n<td>Matutino<\/td>\n<td>40<\/td>\n<\/tr>\n<tr>\n<td><a class=\"external-link\" title=\"\" href=\"http:\/\/www.ifms.edu.br\/campi\/campus-coxim\/cursos\/integrado\/Aquicultura\" target=\"_self\" rel=\"noopener noreferrer\">T\u00e9cnico em Aquicultura<\/a><\/td>\n<td>Matutino<\/td>\n<td>40<\/td>\n<\/tr>\n<tr>\n<td><a class=\"external-link\" title=\"\" href=\"http:\/\/www.ifms.edu.br\/campi\/campus-coxim\/cursos\/integrado\/desenvolvimento-de-sistemas\" target=\"_self\" rel=\"noopener noreferrer\">T\u00e9cnico em Desenvolvimento de Sistemas<\/a><\/td>\n<td>Matutino<\/td>\n<td>80<\/td>\n<\/tr>\n<tr>\n<td rowspan=\"2\"><a class=\"external-link\" title=\"\" href=\"https:\/\/www.ifms.edu.br\/campi\/campus-dourados\" target=\"_self\" rel=\"noopener noreferrer\">Dourados<\/a><\/td>\n<td rowspan=\"2\"><a class=\"external-link\" title=\"\" href=\"https:\/\/www.ifms.edu.br\/campi\/campus-dourados\/cursos\/integrado\/integrados\/resolveuid\/ab2d2963caae43d6aed92fbea057a7be\" target=\"_self\" rel=\"noopener noreferrer\">T\u00e9cnico em Inform\u00e1tica para Internet<\/a><\/td>\n<td>Matutino<\/td>\n<td>80<\/td>\n<\/tr>\n<tr>\n<td>Vespertino<\/td>\n<td>80<\/td>\n<\/tr>\n<tr>\n<td rowspan=\"2\"><a class=\"external-link\" title=\"\" href=\"https:\/\/www.ifms.edu.br\/campi\/campus-jardim\" target=\"_self\" rel=\"noopener noreferrer\">Jardim<\/a><\/td>\n<td><a class=\"external-link\" title=\"\" href=\"https:\/\/www.ifms.edu.br\/campi\/campus-jardim\/cursos\/integrado\/integrado\/resolveuid\/55f325edaf1c404fa654dad1e9960f5f\" target=\"_self\" rel=\"noopener noreferrer\">T\u00e9cnico em Edifica\u00e7\u00f5es<\/a><\/td>\n<td>Matutino<\/td>\n<td>40<\/td>\n<\/tr>\n<tr>\n<td><a class=\"external-link\" title=\"\" href=\"https:\/\/www.ifms.edu.br\/campi\/campus-jardim\/cursos\/integrado\/integrado\/resolveuid\/1d040b5422c84073a8bad34dcc1b806d\" target=\"_self\" rel=\"noopener noreferrer\">T\u00e9cnico em Inform\u00e1tica<\/a><\/td>\n<td>Matutino<\/td>\n<td>40<\/td>\n<\/tr>\n<tr>\n<td rowspan=\"4\"><a class=\"external-link\" title=\"\" href=\"https:\/\/www.ifms.edu.br\/campi\/campus-navirai\" target=\"_self\" rel=\"noopener noreferrer\">Navira\u00ed<\/a><\/td>\n<td rowspan=\"2\"><a class=\"external-link\" title=\"\" href=\"https:\/\/www.ifms.edu.br\/campi\/campus-navirai\/cursos\/integrado\/integrados\/resolveuid\/216ea0f12276466ab093803be8d7ea53\" target=\"_self\" rel=\"noopener noreferrer\">T\u00e9cnico em Inform\u00e1tica para Internet<\/a><\/td>\n<td>Matutino<\/td>\n<td>40<\/td>\n<\/tr>\n<tr>\n<td>Vespertino<\/td>\n<td>40<\/td>\n<\/tr>\n<tr>\n<td rowspan=\"2\"><a class=\"external-link\" title=\"\" href=\"https:\/\/www.ifms.edu.br\/campi\/campus-navirai\/cursos\/integrado\/integrados\/resolveuid\/a32a9bf4837a4f0695658916be429413\" target=\"_self\" rel=\"noopener noreferrer\">T\u00e9cnico em Agricultura<\/a><\/td>\n<td>Matutino<\/td>\n<td>40<\/td>\n<\/tr>\n<tr>\n<td>Vespertino<\/td>\n<td>40<\/td>\n<\/tr>\n<tr>\n<td rowspan=\"2\"><a class=\"external-link\" title=\"\" href=\"https:\/\/www.ifms.edu.br\/campi\/campus-nova-andradina\" target=\"_self\" rel=\"noopener noreferrer\">Nova Andradina<\/a><\/td>\n<td><a class=\"external-link\" title=\"\" href=\"https:\/\/www.ifms.edu.br\/campi\/campus-nova-andradina\/cursos\/integrado\/integrado\/resolveuid\/13fa68b6a31449dfb1feb3a7e11a4ca5\" target=\"_self\" rel=\"noopener noreferrer\">T\u00e9cnico em Agropecu\u00e1ria<\/a><\/td>\n<td>Matutino e Vespertino<\/td>\n<td>80<\/td>\n<\/tr>\n<tr>\n<td><a class=\"external-link\" title=\"\" href=\"https:\/\/www.ifms.edu.br\/campi\/campus-nova-andradina\/cursos\/integrado\/integrado\/resolveuid\/d8239066483d4a3d93f5b4559a64798b\" target=\"_self\" rel=\"noopener noreferrer\">T\u00e9cnico em Inform\u00e1tica<\/a><\/td>\n<td>Vespertino<\/td>\n<td>80<\/td>\n<\/tr>\n<tr>\n<td rowspan=\"4\"><a class=\"external-link\" title=\"\" href=\"https:\/\/www.ifms.edu.br\/campi\/campus-ponta-pora\" target=\"_self\" rel=\"noopener noreferrer\">Ponta Por\u00e3<\/a><\/td>\n<td rowspan=\"2\"><a class=\"external-link\" title=\"\" href=\"https:\/\/www.ifms.edu.br\/campi\/campus-ponta-pora\/cursos\/integrado\/integrado\/resolveuid\/2283e58bc5ae41cba70ad9689d4c5aab\" target=\"_self\" rel=\"noopener noreferrer\">T\u00e9cnico em Agricultura<\/a><\/td>\n<td>Matutino<\/td>\n<td>40<\/td>\n<\/tr>\n<tr>\n<td>Vespertino<\/td>\n<td>40<\/td>\n<\/tr>\n<tr>\n<td rowspan=\"2\"><a class=\"external-link\" title=\"\" href=\"https:\/\/www.ifms.edu.br\/campi\/campus-ponta-pora\/cursos\/integrado\/integrado\/resolveuid\/bb32efbf976d4470bf0584b880a6fe8b\" target=\"_self\" rel=\"noopener noreferrer\">T\u00e9cnico em Inform\u00e1tica<\/a><\/td>\n<td>Matutino<\/td>\n<td>40<\/td>\n<\/tr>\n<tr>\n<td>Vespertino<\/td>\n<td>40<\/td>\n<\/tr>\n<tr>\n<td rowspan=\"4\"><a class=\"external-link\" title=\"\" href=\"https:\/\/www.ifms.edu.br\/campi\/campus-tres-lagoas\" target=\"_self\" rel=\"noopener noreferrer\">Tr\u00eas Lagoas<\/a><\/td>\n<td rowspan=\"2\"><a class=\"external-link\" title=\"\" href=\"https:\/\/www.ifms.edu.br\/campi\/campus-tres-lagoas\/cursos\/integrado\/integrado\/resolveuid\/4cdc061edee644b0b8af983e6894aaa2\" target=\"_self\" rel=\"noopener noreferrer\">T\u00e9cnico em Inform\u00e1tica<\/a><\/td>\n<td>Matutino<\/td>\n<td>40<\/td>\n<\/tr>\n<tr>\n<td>Vespertino<\/td>\n<td>40<\/td>\n<\/tr>\n<tr>\n<td rowspan=\"2\"><a class=\"external-link\" title=\"\" href=\"https:\/\/www.ifms.edu.br\/campi\/campus-tres-lagoas\/cursos\/integrado\/integrado\/resolveuid\/413b062d3c344dee8e3519b6deed30e3\" target=\"_self\" rel=\"noopener noreferrer\">T\u00e9cnico em Eletrot\u00e9cnica<\/a><\/td>\n<td>Matutino<\/td>\n<td>40<\/td>\n<\/tr>\n<tr>\n<td>Vespertino<\/td>\n<td>40<\/td>\n<\/tr>\n<\/tbody>\n<\/table>\n","protected":false},"excerpt":{"rendered":"<p>O Instituto Federal de Mato Grosso do Sul (IFMS) prorrogou at\u00e9 o dia 4 de&#8230;<\/p>\n","protected":false},"author":9,"featured_media":0,"comment_status":"closed","ping_status":"closed","sticky":false,"template":"","format":"standard","meta":{"footnotes":""},"categories":[10],"tags":[],"class_list":["post-11709652","post","type-post","status-publish","format-standard","hentry","category-educacao"],"_links":{"self":[{"href":"https:\/\/www.corumbaonline.com.br\/news\/wp-json\/wp\/v2\/posts\/11709652","targetHints":{"allow":["GET"]}}],"collection":[{"href":"https:\/\/www.corumbaonline.com.br\/news\/wp-json\/wp\/v2\/posts"}],"about":[{"href":"https:\/\/www.corumbaonline.com.br\/news\/wp-json\/wp\/v2\/types\/post"}],"author":[{"embeddable":true,"href":"https:\/\/www.corumbaonline.com.br\/news\/wp-json\/wp\/v2\/users\/9"}],"replies":[{"embeddable":true,"href":"https:\/\/www.corumbaonline.com.br\/news\/wp-json\/wp\/v2\/comments?post=11709652"}],"version-history":[{"count":1,"href":"https:\/\/www.corumbaonline.com.br\/news\/wp-json\/wp\/v2\/posts\/11709652\/revisions"}],"predecessor-version":[{"id":11709653,"href":"https:\/\/www.corumbaonline.com.br\/news\/wp-json\/wp\/v2\/posts\/11709652\/revisions\/11709653"}],"wp:attachment":[{"href":"https:\/\/www.corumbaonline.com.br\/news\/wp-json\/wp\/v2\/media?parent=11709652"}],"wp:term":[{"taxonomy":"category","embeddable":true,"href":"https:\/\/www.corumbaonline.com.br\/news\/wp-json\/wp\/v2\/categories?post=11709652"},{"taxonomy":"post_tag","embeddable":true,"href":"https:\/\/www.corumbaonline.com.br\/news\/wp-json\/wp\/v2\/tags?post=11709652"}],"curies":[{"name":"wp","href":"https:\/\/api.w.org\/{rel}","templated":true}]}}