{"id":11709658,"date":"2020-10-21T09:23:00","date_gmt":"2020-10-21T13:23:00","guid":{"rendered":"http:\/\/www.corumbaonline.com.br\/news\/?p=11709658"},"modified":"2020-10-21T10:09:12","modified_gmt":"2020-10-21T14:09:12","slug":"bolivia-presidente-eleito-diz-que-morales-nao-tera-papel-no-governo","status":"publish","type":"post","link":"https:\/\/www.corumbaonline.com.br\/news\/bolivia-presidente-eleito-diz-que-morales-nao-tera-papel-no-governo\/","title":{"rendered":"Bol\u00edvia: presidente eleito diz que Morales n\u00e3o ter\u00e1 papel no governo"},"content":{"rendered":"<p>O presidente eleito da Bol\u00edvia, Luis Arce, disse \u00e0 Reuters nessa\u00a0ter\u00e7a-feira que &#8220;n\u00e3o h\u00e1 papel&#8221; em seu governo a ser desempenhado pelo ex-presidente Evo Morales, l\u00edder de seu partido, o Movimento ao Socialismo (MAS), que comandou o pa\u00eds por quase 14 anos antes de renunciar em meio a press\u00f5es no ano passado e deixar a Bol\u00edvia.<img decoding=\"async\" src=\"https:\/\/agenciabrasil.ebc.com.br\/ebc.png?id=1391180&amp;o=node\" \/><img decoding=\"async\" src=\"https:\/\/agenciabrasil.ebc.com.br\/ebc.gif?id=1391180&amp;o=node\" \/><\/p>\n<p>Arce chega ao poder ap\u00f3s vencer a elei\u00e7\u00e3o de\u00a0domingo\u00a0(18) com a apura\u00e7\u00e3o oficial &#8211; tecnicamente ainda em andamento &#8211; mostrando que a maioria dos votos foi dada a ele, colocando os socialistas de volta no poder no pa\u00eds andino um ano ap\u00f3s a sa\u00edda de Morales.<\/p>\n<p>Do ex\u00edlio, na Argentina, Morales segue com o cargo de presidente do MAS, mas Arce disse que a influ\u00eancia nessa posi\u00e7\u00e3o ser\u00e1 limitada. &#8220;Ele n\u00e3o\u00a0ter\u00e1 qualquer papel em nosso governo&#8221;, disse Arce \u00e0 Reuters, na sede do MAS, na capital administrativa da Bol\u00edvia, La Paz.<\/p>\n<p>&#8220;Ele pode retornar ao pa\u00eds quando quiser, porque \u00e9 boliviano,\u00a0 mas no governo sou eu que devo decidir quem far\u00e1 parte da administra\u00e7\u00e3o e quem n\u00e3o far\u00e1&#8221;.<\/p>\n<p>Morales vive fora da Bol\u00edvia desde que deixou o pa\u00eds no ano passado, ap\u00f3s uma elei\u00e7\u00e3o marcada por acusa\u00e7\u00f5es de fraudes. Ele nega as acusa\u00e7\u00f5es e diz que foi derrubado do poder por um golpe de direita. O\u00a0ex-presidente enfrenta ainda uma s\u00e9rie de acusa\u00e7\u00f5es de corrup\u00e7\u00e3o, que tamb\u00e9m nega.<\/p>\n<p>&#8220;O direito ao devido processo legal n\u00e3o foi respeitado em muitos casos contra ele&#8221;, disse Arce. &#8220;Lamento que a pol\u00edtica tenha sido judicializada, a direita judicializou a pol\u00edtica&#8221;.<\/p>\n<p>Como ministro das Finan\u00e7as de Morales, Arce ajudou a comandar uma economia que cresceu mais rapidamente do que qualquer outra na regi\u00e3o. Mas quando ele assumir a Presid\u00eancia no m\u00eas que vem, enfrentar\u00e1 uma recess\u00e3o.<\/p>\n<p>&#8220;Vamos\u00a0ter\u00a0que adotar medidas de austeridade. N\u00e3o h\u00e1 outra op\u00e7\u00e3o se n\u00e3o temos receita suficiente para cobrir os gastos atuais&#8221;, disse.<\/p>\n<p>O presidente eleito, de 57 anos, afirmou\u00a0que o modelo econ\u00f4mico que ajudou a implementar no governo Morales funcionou no passado e funcionar\u00e1 novamente.<\/p>\n<p>Educado no Reino Unido, o socialista, que disputou a elei\u00e7\u00e3o com uma plataforma de gastos em bem-estar social, afirmou que os cortes n\u00e3o afetar\u00e3o os investimentos p\u00fablicos, a prioridade para reativar o crescimento.<\/p>\n","protected":false},"excerpt":{"rendered":"<p>O presidente eleito da Bol\u00edvia, Luis Arce, disse \u00e0 Reuters nessa\u00a0ter\u00e7a-feira que &#8220;n\u00e3o h\u00e1 papel&#8221;&#8230;<\/p>\n","protected":false},"author":4,"featured_media":0,"comment_status":"closed","ping_status":"closed","sticky":false,"template":"","format":"standard","meta":{"footnotes":""},"categories":[15],"tags":[],"class_list":["post-11709658","post","type-post","status-publish","format-standard","hentry","category-internacional"],"_links":{"self":[{"href":"https:\/\/www.corumbaonline.com.br\/news\/wp-json\/wp\/v2\/posts\/11709658","targetHints":{"allow":["GET"]}}],"collection":[{"href":"https:\/\/www.corumbaonline.com.br\/news\/wp-json\/wp\/v2\/posts"}],"about":[{"href":"https:\/\/www.corumbaonline.com.br\/news\/wp-json\/wp\/v2\/types\/post"}],"author":[{"embeddable":true,"href":"https:\/\/www.corumbaonline.com.br\/news\/wp-json\/wp\/v2\/users\/4"}],"replies":[{"embeddable":true,"href":"https:\/\/www.corumbaonline.com.br\/news\/wp-json\/wp\/v2\/comments?post=11709658"}],"version-history":[{"count":1,"href":"https:\/\/www.corumbaonline.com.br\/news\/wp-json\/wp\/v2\/posts\/11709658\/revisions"}],"predecessor-version":[{"id":11709660,"href":"https:\/\/www.corumbaonline.com.br\/news\/wp-json\/wp\/v2\/posts\/11709658\/revisions\/11709660"}],"wp:attachment":[{"href":"https:\/\/www.corumbaonline.com.br\/news\/wp-json\/wp\/v2\/media?parent=11709658"}],"wp:term":[{"taxonomy":"category","embeddable":true,"href":"https:\/\/www.corumbaonline.com.br\/news\/wp-json\/wp\/v2\/categories?post=11709658"},{"taxonomy":"post_tag","embeddable":true,"href":"https:\/\/www.corumbaonline.com.br\/news\/wp-json\/wp\/v2\/tags?post=11709658"}],"curies":[{"name":"wp","href":"https:\/\/api.w.org\/{rel}","templated":true}]}}