{"id":11709668,"date":"2020-10-22T08:10:00","date_gmt":"2020-10-22T12:10:00","guid":{"rendered":"http:\/\/www.corumbaonline.com.br\/news\/?p=11709668"},"modified":"2020-10-22T09:59:01","modified_gmt":"2020-10-22T13:59:01","slug":"alms-parlamentares-devem-apreciar-tres-materias-na-sessao-ordinaria-desta-quinta-feira","status":"publish","type":"post","link":"https:\/\/www.corumbaonline.com.br\/news\/alms-parlamentares-devem-apreciar-tres-materias-na-sessao-ordinaria-desta-quinta-feira\/","title":{"rendered":"ALMS: parlamentares devem apreciar tr\u00eas mat\u00e9rias na sess\u00e3o ordin\u00e1ria desta quinta-feira"},"content":{"rendered":"<p>Os deputados da Assembleia Legislativa de Mato Grosso do Sul (ALEMS) devem apreciar tr\u00eas projetos de lei na Ordem do Dia desta quinta-feira (22). A sess\u00e3o ordin\u00e1ria tem in\u00edcio a partir das 9h e pode ser acompanhada ao vivo\u00a0pelo canal 9 da Claro Net TV,\u00a0<a href=\"https:\/\/al.ms.gov.br\/TvAssembleia\">TV ALEMS<\/a>,\u00a0<a href=\"https:\/\/www.youtube.com\/c\/assembleialegislativadems\">Youtube<\/a>,\u00a0<a href=\"https:\/\/www.facebook.com\/assembleiams\">Facebook<\/a>,\u00a0<a href=\"https:\/\/al.ms.gov.br\/RadioAssembleia\/Audios?idMenu=601\">R\u00e1dio ALEMS<\/a>\u00a0ou aplicativo Assembleia MS (<a href=\"https:\/\/play.google.com\/store\/apps\/details?id=br.com.app.gpu1553513.gpu40f07c507865e03ef66422c7404ba120&amp;hl=pt_BR\">Android<\/a>\/<a href=\"https:\/\/apps.apple.com\/br\/app\/assembleia-legislativa-do-ms\/id1185708415\">iOS<\/a>).<\/p>\n<p><strong>2\u00aa discuss\u00e3o<\/strong><\/p>\n<p>O\u00a0<a href=\"http:\/\/sgpl.consulta.al.ms.gov.br\/sgpl-publico\/#\/linha-tempo?idProposicao=89960\" target=\"_blank\" rel=\"noopener noreferrer\">Projeto de Lei 141 de 2020<\/a>, do deputado Marcio Fernandes (MDB), autoriza o Poder Executivo a proceder pagamento m\u00ednimo nos contratos p\u00fablicos de transporte escolar dos alunos matriculados na rede estadual de ensino.<\/p>\n<p>Caso seja aprovada, a medida ser\u00e1 v\u00e1lida enquanto perdurar o reconhecimento de emerg\u00eancia na sa\u00fade p\u00fablica, tendo em vista a pandemia causada pela covid-19, e enquanto as aulas estiverem suspensas. Os pareceres foram favor\u00e1veis na Comiss\u00e3o de Finan\u00e7as e Or\u00e7amento e na Comiss\u00e3o de Servi\u00e7o P\u00fablico, Obras, Transporte, Infraestrutura e Administra\u00e7\u00e3o.<\/p>\n<p><strong>1\u00aa discuss\u00e3o<\/strong><\/p>\n<p>O\u00a0<a href=\"http:\/\/sgpl.consulta.al.ms.gov.br\/sgpl-publico\/#\/linha-tempo?idProposicao=90231\" target=\"_blank\" rel=\"noopener noreferrer\">Projeto de Lei 154 de 2020<\/a>, do deputado Mar\u00e7al Filho (PSDB), garante \u00e0 gestante o direito de optar pelo parto cesariano, a partir da trig\u00e9sima nona semana de gesta\u00e7\u00e3o. A Comiss\u00e3o de Constitui\u00e7\u00e3o, Justi\u00e7a e Reda\u00e7\u00e3o (<a href=\"https:\/\/al.ms.gov.br\/Paginas\/13\/comissao-de-constituicao-justica-e-redacao\" target=\"_blank\" rel=\"noopener noreferrer\">CCJR<\/a>) emitiu parecer favor\u00e1vel ao projeto e \u00e0s emendas.<\/p>\n<p>De autoria do Poder Executivo, o\u00a0<a href=\"http:\/\/sgpl.consulta.al.ms.gov.br\/sgpl-publico\/#\/linha-tempo?idProposicao=90949\" target=\"_blank\" rel=\"noopener noreferrer\">Projeto de Lei 194 de 2020<\/a>\u00a0autoriza a celebra\u00e7\u00e3o\u00a0de termo aditivo a\u00a0contrato firmado com a Uni\u00e3o, para estabelecimento das altera\u00e7\u00f5es autorizadas pela\u00a0<a href=\"http:\/\/www.planalto.gov.br\/ccivil_03\/leis\/lcp\/lcp173.htm\" target=\"_blank\" rel=\"noopener noreferrer\">Lei Complementar Federal 173<\/a>, de 27 de maio de 2020. A CCJR tamb\u00e9m foi favor\u00e1vel \u00e0 tramita\u00e7\u00e3o do documento.<\/p>\n","protected":false},"excerpt":{"rendered":"<p>Os deputados da Assembleia Legislativa de Mato Grosso do Sul (ALEMS) devem apreciar tr\u00eas projetos&#8230;<\/p>\n","protected":false},"author":12,"featured_media":0,"comment_status":"closed","ping_status":"closed","sticky":false,"template":"","format":"standard","meta":{"footnotes":""},"categories":[19],"tags":[],"class_list":["post-11709668","post","type-post","status-publish","format-standard","hentry","category-politica"],"_links":{"self":[{"href":"https:\/\/www.corumbaonline.com.br\/news\/wp-json\/wp\/v2\/posts\/11709668","targetHints":{"allow":["GET"]}}],"collection":[{"href":"https:\/\/www.corumbaonline.com.br\/news\/wp-json\/wp\/v2\/posts"}],"about":[{"href":"https:\/\/www.corumbaonline.com.br\/news\/wp-json\/wp\/v2\/types\/post"}],"author":[{"embeddable":true,"href":"https:\/\/www.corumbaonline.com.br\/news\/wp-json\/wp\/v2\/users\/12"}],"replies":[{"embeddable":true,"href":"https:\/\/www.corumbaonline.com.br\/news\/wp-json\/wp\/v2\/comments?post=11709668"}],"version-history":[{"count":1,"href":"https:\/\/www.corumbaonline.com.br\/news\/wp-json\/wp\/v2\/posts\/11709668\/revisions"}],"predecessor-version":[{"id":11709669,"href":"https:\/\/www.corumbaonline.com.br\/news\/wp-json\/wp\/v2\/posts\/11709668\/revisions\/11709669"}],"wp:attachment":[{"href":"https:\/\/www.corumbaonline.com.br\/news\/wp-json\/wp\/v2\/media?parent=11709668"}],"wp:term":[{"taxonomy":"category","embeddable":true,"href":"https:\/\/www.corumbaonline.com.br\/news\/wp-json\/wp\/v2\/categories?post=11709668"},{"taxonomy":"post_tag","embeddable":true,"href":"https:\/\/www.corumbaonline.com.br\/news\/wp-json\/wp\/v2\/tags?post=11709668"}],"curies":[{"name":"wp","href":"https:\/\/api.w.org\/{rel}","templated":true}]}}