{"id":11709690,"date":"2020-10-22T10:40:00","date_gmt":"2020-10-22T14:40:00","guid":{"rendered":"http:\/\/www.corumbaonline.com.br\/news\/?p=11709690"},"modified":"2020-10-22T12:08:29","modified_gmt":"2020-10-22T16:08:29","slug":"ifms-abre-inscricoes-para-projeto-alunos-conectados","status":"publish","type":"post","link":"https:\/\/www.corumbaonline.com.br\/news\/ifms-abre-inscricoes-para-projeto-alunos-conectados\/","title":{"rendered":"IFMS abre inscri\u00e7\u00f5es para projeto Alunos Conectados"},"content":{"rendered":"<p>Est\u00e1 dispon\u00edvel na\u00a0<a title=\"Central de Sele\u00e7\u00e3o\" href=\"http:\/\/www.ifms.edu.br:9000\/lists\/lt.php?tid=KxkDU1cPVwFWUUsGBgcDTlBVCwBOAQEIAhsOUgUEAAhSXFAKBg0fBFdZA1AOWFdOAlQGB04NXAwCG1oHAwRPCFFcAVRRDVRUUVFfH1ICAwYCUlcDTghaXAYbDFZQBk8JVlZUH1AKVgBWAgNWVAIABw\" target=\"_blank\" rel=\"noopener noreferrer\">Central de Sele\u00e7\u00e3o<\/a>\u00a0o edital do processo seletivo para o projeto Alunos Conectados, ofertado pela primeira vez pelo Instituto Federal de Mato Grosso do Sul (IFMS), em parceria com o Minist\u00e9rio da Educa\u00e7\u00e3o (MEC) e a\u00a0Rede Nacional de Ensino e Pesquisa (RNP).<\/p>\n<p>A iniciativa visa formar cadastro de reserva para fornecimento, disponibiliza\u00e7\u00e3o e monitoramento de cart\u00e3o SIM (ou chip), com pacote mensal de dados de telefonia m\u00f3vel.<\/p>\n<p>Voltado a estudantes em situa\u00e7\u00e3o de vulnerabilidade social matriculados em cursos presenciais do IFMS, o processo seletivo tem o objetivo de promover o acesso e contribuir com a equidade entre os alunos da rede p\u00fablica de educa\u00e7\u00e3o profissional por meio de acesso \u00e0 internet, facilitando o desenvolvimento das atividades n\u00e3o presenciais.<\/p>\n<p>Podem participar estudantes dos campi Aquidauana, Campo Grande, Corumb\u00e1, Coxim, Dourados, Jardim, Navira\u00ed, Nova Andradina, Ponta Por\u00e3 e Tr\u00eas Lagoas que tenham renda mensal\u00a0per capita\u00a0de at\u00e9 um sal\u00e1rio m\u00ednimo e meio, conforme declarado no Question\u00e1rio Socioecon\u00f4mico deste ano.<\/p>\n<p>A coordenadora de Assuntos Estudantis do IFMS, Carolina Ara\u00fajo, explica que se trata de uma ferramenta para viabilizar a perman\u00eancia dos estudantes no contexto de pandemia e das atividades n\u00e3o presenciais.<\/p>\n<p>&#8220;Com o pacote mensal de dados, o estudante ter\u00e1 o acesso \u00e0s aulas facilitado, utilizando o pr\u00f3prio celular ou\u00a0tablet, e\u00a0n\u00e3o precisar\u00e1 dividir computadores ou\u00a0notebooks\u00a0com os demais membros familiares, que tamb\u00e9m necessitam realizar suas atividades remotas&#8221;, destaca Carolina.<\/p>\n<p>Inscri\u00e7\u00e3o\u00a0\u2013 O edital possui ades\u00e3o em fluxo cont\u00ednuo, enquanto durar a suspens\u00e3o das atividades presenciais em virtude pandemia do novo coronav\u00edrus. A inscri\u00e7\u00e3o deve ser feita em\u00a0<a title=\"formul\u00e1rio eletr\u00f4nico\" href=\"http:\/\/www.ifms.edu.br:9000\/lists\/lt.php?tid=KxkDUAQNUgYBV0tTUQVWTlBdCgBOWAwABRsKUlYBAQdbBwNWBw0fBFdZA1AOWFdOAlQGB04NXAwCG1oHAwRPCFFcAVRRDVRUUVFfH1ICAwYCUlcDTghaXAYbDFZQBk8JVlZUH1AKVgBWAgNWVAIABw\" target=\"_blank\" rel=\"noopener noreferrer\">formul\u00e1rio eletr\u00f4nico<\/a>.<\/p>\n<p>Importante: o estudante deve obrigatoriamente preencher ou atualizar o\u00a0<a title=\"Question\u00e1rio Socioecon\u00f4mico\" href=\"http:\/\/www.ifms.edu.br:9000\/lists\/lt.php?tid=KxlUCgcMVVZSA0tSVFlUTlAAV1VOAAsJAxsJAAQHAAdVUgVTUFkfBFdZA1AOWFdOAlQGB04NXAwCG1oHAwRPCFFcAVRRDVRUUVFfH1ICAwYCUlcDTghaXAYbDFZQBk8JVlZUH1AKVgBWAgNWVAIABw\" target=\"_blank\" rel=\"noopener noreferrer\">Question\u00e1rio Socioecon\u00f4mico<\/a>, caso tenha ocorrido alguma mudan\u00e7a na renda familiar. N\u00e3o devem ser inclu\u00eddos\u00a0no valor total da renda\u00a0os valores recebidos em aux\u00edlios pelo IFMS ou Governo Federal (Bolsa Fam\u00edlia ou Aux\u00edlio Emergencial).<\/p>\n<p>Os estudantes contemplados no\u00a0edital n\u00ba 16\/2020,\u00a0que trata do aux\u00edlio emergencial para acesso digital, ao aderirem ao projeto Alunos Conectados, ter\u00e3o revogados os aux\u00edlios concedidos.<\/p>\n<p>Sele\u00e7\u00e3o\u00a0\u2013 Ser\u00e1 realizada pelo campus em que o candidato se inscreveu.<\/p>\n<p>Os estudantes ser\u00e3o classificados por ordem crescente de renda\u00a0per capita, tendo prioridade aqueles com menor renda, menor tempo para concluir o curso e menor idade.<\/p>\n<p>A partir de 26 de outubro, a Pr\u00f3-Reitoria de Ensino (Proen) divulgar\u00e1 a lista das inscri\u00e7\u00f5es homologadas, por ordem alfab\u00e9tica e unidade, na Central de Sele\u00e7\u00e3o.<\/p>\n<p>A lista dos estudantes contemplados ser\u00e1 atualizada quinzenalmente no mesmo endere\u00e7o,\u00a0enquanto durar a suspens\u00e3o das atividades presenciais em virtude da pandemia.<\/p>\n<p>Responsabilidades\u00a0\u2013 O estudante contemplado dever\u00e1 utilizar o pacote de dados para a realiza\u00e7\u00e3o das atividades acad\u00eamicas remotas.<\/p>\n<p>Nos casos de dano ou extravio do chip, \u00e9 necess\u00e1rio comunicar imediatamente ao Servi\u00e7o de Tecnologia de Informa\u00e7\u00e3o e Suporte T\u00e9cnico (Serti) do campus para cancelamento ou substitui\u00e7\u00e3o. A aquisi\u00e7\u00e3o de um novo chip ficar\u00e1 sob responsabilidade do estudante.<\/p>\n<p>Al\u00e9m disso, tamb\u00e9m devem ser informadas quaisquer altera\u00e7\u00f5es de dados de natureza acad\u00eamica \u2013 como cancelamento, abandono ou conclus\u00e3o do curso \u2013 e\/ou cadastrais (mudan\u00e7a de endere\u00e7o e telefone).<\/p>\n<p>O recebimento do chip para acesso poder\u00e1 ser feito pelo estudante ou respons\u00e1vel legal mediante a apresenta\u00e7\u00e3o da documenta\u00e7\u00e3o especificada no\u00a0edital de abertura do processo seletivo. Ser\u00e3o divulgadas orienta\u00e7\u00f5es para recebimento dos chips, de acordo com a log\u00edstica a ser adotada pelos campi.<\/p>\n","protected":false},"excerpt":{"rendered":"<p>Est\u00e1 dispon\u00edvel na\u00a0Central de Sele\u00e7\u00e3o\u00a0o edital do processo seletivo para o projeto Alunos Conectados, ofertado&#8230;<\/p>\n","protected":false},"author":9,"featured_media":0,"comment_status":"closed","ping_status":"closed","sticky":false,"template":"","format":"standard","meta":{"footnotes":""},"categories":[10,22],"tags":[],"class_list":["post-11709690","post","type-post","status-publish","format-standard","hentry","category-educacao","category-tecnologia"],"_links":{"self":[{"href":"https:\/\/www.corumbaonline.com.br\/news\/wp-json\/wp\/v2\/posts\/11709690","targetHints":{"allow":["GET"]}}],"collection":[{"href":"https:\/\/www.corumbaonline.com.br\/news\/wp-json\/wp\/v2\/posts"}],"about":[{"href":"https:\/\/www.corumbaonline.com.br\/news\/wp-json\/wp\/v2\/types\/post"}],"author":[{"embeddable":true,"href":"https:\/\/www.corumbaonline.com.br\/news\/wp-json\/wp\/v2\/users\/9"}],"replies":[{"embeddable":true,"href":"https:\/\/www.corumbaonline.com.br\/news\/wp-json\/wp\/v2\/comments?post=11709690"}],"version-history":[{"count":1,"href":"https:\/\/www.corumbaonline.com.br\/news\/wp-json\/wp\/v2\/posts\/11709690\/revisions"}],"predecessor-version":[{"id":11709691,"href":"https:\/\/www.corumbaonline.com.br\/news\/wp-json\/wp\/v2\/posts\/11709690\/revisions\/11709691"}],"wp:attachment":[{"href":"https:\/\/www.corumbaonline.com.br\/news\/wp-json\/wp\/v2\/media?parent=11709690"}],"wp:term":[{"taxonomy":"category","embeddable":true,"href":"https:\/\/www.corumbaonline.com.br\/news\/wp-json\/wp\/v2\/categories?post=11709690"},{"taxonomy":"post_tag","embeddable":true,"href":"https:\/\/www.corumbaonline.com.br\/news\/wp-json\/wp\/v2\/tags?post=11709690"}],"curies":[{"name":"wp","href":"https:\/\/api.w.org\/{rel}","templated":true}]}}