{"id":11709767,"date":"2020-10-27T08:10:00","date_gmt":"2020-10-27T12:10:00","guid":{"rendered":"http:\/\/www.corumbaonline.com.br\/news\/?p=11709767"},"modified":"2020-10-27T09:02:46","modified_gmt":"2020-10-27T13:02:46","slug":"alms-tres-projetos-estao-na-pauta-da-ordem-do-dia-desta-terca-feira","status":"publish","type":"post","link":"https:\/\/www.corumbaonline.com.br\/news\/alms-tres-projetos-estao-na-pauta-da-ordem-do-dia-desta-terca-feira\/","title":{"rendered":"ALMS: tr\u00eas projetos est\u00e3o na pauta da Ordem do Dia desta ter\u00e7a-feira"},"content":{"rendered":"<p>Na primeira sess\u00e3o ordin\u00e1ria da semana, realizada por videoconfer\u00eancia, os deputados estaduais da Assembleia Legislativa de Mato Grosso do Sul (ALEMS) devem apreciar tr\u00eas mat\u00e9rias, durante a Ordem do Dia. A sess\u00e3o remota desta ter\u00e7a-feira (27) come\u00e7a a partir das 9h, e \u00e9 transmitida ao vivo pelos meios de comunica\u00e7\u00e3o da Casa de Leis \u2013 canal 9 da Claro\u00a0Net TV,\u00a0<a href=\"https:\/\/al.ms.gov.br\/TvAssembleia\" target=\"_blank\" rel=\"noopener noreferrer\">TV ALEMS<\/a>,\u00a0\u00a0<a href=\"https:\/\/www.youtube.com\/c\/assembleialegislativadems\" target=\"_blank\" rel=\"noopener noreferrer\">Youtube<\/a>,\u00a0<a href=\"https:\/\/www.facebook.com\/assembleiams\" target=\"_blank\" rel=\"noopener noreferrer\">Facebook<\/a>,\u00a0<a href=\"https:\/\/al.ms.gov.br\/RadioAssembleia\/Audios?idMenu=601\" target=\"_blank\" rel=\"noopener noreferrer\">R\u00e1dio ALEMS<\/a>\u00a0e aplicativo Assembleia MS (<a href=\"https:\/\/play.google.com\/store\/apps\/details?id=br.com.app.gpu1553513.gpu40f07c507865e03ef66422c7404ba120&amp;hl=pt_BR\" target=\"_blank\" rel=\"noopener noreferrer\">Android<\/a>\/<a href=\"https:\/\/apps.apple.com\/br\/app\/assembleia-legislativa-do-ms\/id1185708415\" target=\"_blank\" rel=\"noopener noreferrer\">iOS<\/a>).<\/p>\n<p>Em reda\u00e7\u00e3o final, o\u00a0<a href=\"http:\/\/sgpl.consulta.al.ms.gov.br\/sgpl-publico\/#\/linha-tempo?idProposicao=86691\" target=\"_blank\" rel=\"noopener noreferrer\"><ins>Projeto de Lei 266\/2019<\/ins><\/a>, de autoria do deputado Mar\u00e7al Filho (PSDB), que disp\u00f5e sobre a obrigatoriedade de os condom\u00ednios residenciais localizados no Estado a comunicar aos \u00f3rg\u00e3os de seguran\u00e7a p\u00fablica a ocorr\u00eancia ou ind\u00edcios de ocorr\u00eancia de viol\u00eancia dom\u00e9stica e familiar contra mulheres, crian\u00e7as, adolescentes, pessoas com defici\u00eancia ou idosos.<\/p>\n<p>Tamb\u00e9m em reda\u00e7\u00e3o final est\u00e1 o\u00a0<a href=\"http:\/\/sgpl.consulta.al.ms.gov.br\/sgpl-publico\/#\/linha-tempo?idProposicao=89960\" target=\"_blank\" rel=\"noopener noreferrer\"><ins>Projeto de Lei 141\/2020<\/ins><\/a>, de autoria do deputado Marcio Fernandes (MDB), que autoriza o Poder Executivo a proceder pagamento m\u00ednimo nos contratos p\u00fablicos de transporte escolar dos alunos matriculados na rede estadual de ensino, enquanto perdurar o reconhecimento de emerg\u00eancia na sa\u00fade p\u00fablica, devido a pandemia causada pela Covid-19, e enquanto as aulas estiverem suspensas.<\/p>\n<p>Em segunda discuss\u00e3o, deve ser analisado pelos parlamentares da ALEMS\u00a0o\u00a0<a href=\"http:\/\/sgpl.consulta.al.ms.gov.br\/sgpl-publico\/#\/linha-tempo?idProposicao=90400\" target=\"_blank\" rel=\"noopener noreferrer\"><ins>Projeto de Lei 161\/2020<\/ins><\/a>, de autoria do deputado Barbosinha (DEM), que inclui no Calend\u00e1rio Oficial de Eventos do Estado de Mato Grosso do Sul, institu\u00eddo pela\u00a0<a href=\"http:\/\/aacpdappls.net.ms.gov.br\/appls\/legislacao\/secoge\/govato.nsf\/448b683bce4ca84704256c0b00651e9d\/a19103f1de3f6af904257776005e9eea?OpenDocument\" target=\"_blank\" rel=\"noopener noreferrer\"><ins>Lei 3.945, de 04 de agosto de 2010<\/ins><\/a>, o Dia Estadual do Escriv\u00e3o a ser comemorado anualmente, no dia 05 de novembro.<\/p>\n","protected":false},"excerpt":{"rendered":"<p>Na primeira sess\u00e3o ordin\u00e1ria da semana, realizada por videoconfer\u00eancia, os deputados estaduais da Assembleia Legislativa&#8230;<\/p>\n","protected":false},"author":12,"featured_media":0,"comment_status":"closed","ping_status":"closed","sticky":false,"template":"","format":"standard","meta":{"footnotes":""},"categories":[19],"tags":[],"class_list":["post-11709767","post","type-post","status-publish","format-standard","hentry","category-politica"],"_links":{"self":[{"href":"https:\/\/www.corumbaonline.com.br\/news\/wp-json\/wp\/v2\/posts\/11709767","targetHints":{"allow":["GET"]}}],"collection":[{"href":"https:\/\/www.corumbaonline.com.br\/news\/wp-json\/wp\/v2\/posts"}],"about":[{"href":"https:\/\/www.corumbaonline.com.br\/news\/wp-json\/wp\/v2\/types\/post"}],"author":[{"embeddable":true,"href":"https:\/\/www.corumbaonline.com.br\/news\/wp-json\/wp\/v2\/users\/12"}],"replies":[{"embeddable":true,"href":"https:\/\/www.corumbaonline.com.br\/news\/wp-json\/wp\/v2\/comments?post=11709767"}],"version-history":[{"count":1,"href":"https:\/\/www.corumbaonline.com.br\/news\/wp-json\/wp\/v2\/posts\/11709767\/revisions"}],"predecessor-version":[{"id":11709768,"href":"https:\/\/www.corumbaonline.com.br\/news\/wp-json\/wp\/v2\/posts\/11709767\/revisions\/11709768"}],"wp:attachment":[{"href":"https:\/\/www.corumbaonline.com.br\/news\/wp-json\/wp\/v2\/media?parent=11709767"}],"wp:term":[{"taxonomy":"category","embeddable":true,"href":"https:\/\/www.corumbaonline.com.br\/news\/wp-json\/wp\/v2\/categories?post=11709767"},{"taxonomy":"post_tag","embeddable":true,"href":"https:\/\/www.corumbaonline.com.br\/news\/wp-json\/wp\/v2\/tags?post=11709767"}],"curies":[{"name":"wp","href":"https:\/\/api.w.org\/{rel}","templated":true}]}}