{"id":11709790,"date":"2020-10-27T10:40:00","date_gmt":"2020-10-27T14:40:00","guid":{"rendered":"http:\/\/www.corumbaonline.com.br\/news\/?p=11709790"},"modified":"2020-10-27T11:29:21","modified_gmt":"2020-10-27T15:29:21","slug":"jornalista-e-encontrado-vendado-e-com-as-maos-amarradas-apos-ter-sido-sequestrado-em-boa-vista","status":"publish","type":"post","link":"https:\/\/www.corumbaonline.com.br\/news\/jornalista-e-encontrado-vendado-e-com-as-maos-amarradas-apos-ter-sido-sequestrado-em-boa-vista\/","title":{"rendered":"Jornalista \u00e9 encontrado vendado e com as m\u00e3os amarradas ap\u00f3s ter sido sequestrado em Boa Vista"},"content":{"rendered":"<p>O jornalista Romano dos Anjos, de 40 anos,\u00a0<a href=\"https:\/\/g1.globo.com\/rr\/roraima\/noticia\/2020\/10\/27\/jornalista-e-sequestrado-de-casa-em-boa-vista.ghtml\">sequestrado da pr\u00f3pria casa<\/a>, foi encontrado vivo na regi\u00e3o do Bom Intento, zona Rural de Boa Vista, na manh\u00e3 desta ter\u00e7a-feira (27). A informa\u00e7\u00e3o foi divulgada pelo Secret\u00e1rio de Seguran\u00e7a P\u00fablica, Edison Prola.<\/p>\n<p>Romano dos Anjos estava em casa, jantando com a esposa, quando\u00a0<a href=\"https:\/\/g1.globo.com\/rr\/roraima\/noticia\/2020\/10\/27\/jornalista-e-sequestrado-de-casa-em-boa-vista.ghtml\">bandidos encapuzados e armados invadiram o im\u00f3vel<\/a>, por volta de 20h40 dessa segunda-feira (26), no bairro Aeroporto, zona Oeste.<\/p>\n<div class=\"mc-column content-text active-extra-styles \" data-block-type=\"unstyled\" data-block-weight=\"42\" data-block-id=\"4\">\n<p class=\"content-text__container \" data-track-category=\"Link no Texto\" data-track-links=\"\">O jornalista foi encontrado com os olhos vendados e estava com as m\u00e3os e os p\u00e9s amarrados, informou o coronel Miramilton de Souza, subcomandante da Pol\u00edcia Militar de Roraima. Ferido, ele foi levado ao pronto socorro do Hospital Geral de Roraima (HGR).<\/p>\n<\/div>\n<div class=\"mc-column content-text active-extra-styles \" data-block-type=\"unstyled\" data-block-weight=\"51\" data-block-id=\"5\">\n<p class=\"content-text__container \" data-track-category=\"Link no Texto\" data-track-links=\"\">&#8220;Ele foi achado por um funcion\u00e1rio da Roraima Energia que estava fazendo uma medi\u00e7\u00e3o em uma \u00e1rea rural, na segunda ponte do Bom Intento. Ele foi achado com os bra\u00e7o e pernas amarrados. Estava machucado, consciente, mas um pouco abalado&#8221;, disse o coronel, que acompanhou a chegada de Romano no HGR.<\/p>\n<\/div>\n<div class=\"mc-column content-text active-extra-styles \" data-block-type=\"unstyled\" data-block-weight=\"44\" data-block-id=\"6\">\n<p class=\"content-text__container \" data-track-category=\"Link no Texto\" data-track-links=\"\">Romano foi transportado ao hospital em uma ambul\u00e2ncia dos Bombeiros. Os militares usaram uma manta t\u00e9rmica no atendimento. Uma foto que circula nas redes sociais mostra o jornalista dentro da ambul\u00e2ncia, sorrindo em uma selfie com o delegado geral da Pol\u00edcia Civil, Herbert Amorim.<\/p>\n<div class=\"mc-column content-text active-extra-styles \" data-block-type=\"unstyled\" data-block-weight=\"28\" data-block-id=\"9\">\n<p class=\"content-text__container \" data-track-category=\"Link no Texto\" data-track-links=\"\">No HGR, ele deve fazer exames de raio x para identificar se fraturou algum membro. O jornalista relatou aos m\u00e9dicos que foi bastante agredido com peda\u00e7os de pau.<\/p>\n<\/div>\n<div class=\"mc-column content-text active-extra-styles \" data-block-type=\"unstyled\" data-block-weight=\"51\" data-block-id=\"10\">\n<p class=\"content-text__container \" data-track-category=\"Link no Texto\" data-track-links=\"\">Romano foi sequestrado em casa e levado no pr\u00f3prio carro. Minutos depois, o ve\u00edculo foi encontrado \u00e0 margens da BR-174, sentido Norte, antes da ponte do Rio Cauam\u00e9. O aparelho celular de Romano, tamb\u00e9m levado no crime,\u00a0<a href=\"https:\/\/g1.globo.com\/rr\/roraima\/noticia\/2020\/10\/27\/celular-de-jornalista-sequestrado-e-encontrado-em-terreno-baldio-em-boa-vista.ghtml\">foi achado pela pol\u00edcia em um terreno baldio<\/a>\u00a0e estava com as informa\u00e7\u00f5es apagadas.<\/p>\n<\/div>\n<div class=\"mc-column content-text active-extra-styles \" data-block-type=\"unstyled\" data-block-weight=\"34\" data-block-id=\"11\">\n<p class=\"content-text__container \" data-track-category=\"Link no Texto\" data-track-links=\"\">O jornalista \u00e9 apresentador da TV Imperial, afiliada \u00e0 Rede Record em Roraima. Ainda na noite de segunda a Sesp divulgou que, ap\u00f3s o sequestro,<a href=\"https:\/\/g1.globo.com\/rr\/roraima\/noticia\/2020\/10\/27\/jornalista-e-sequestrado-de-casa-em-boa-vista.ghtml\">\u00a0<\/a><a href=\"https:\/\/g1.globo.com\/rr\/roraima\/noticia\/2020\/10\/27\/jornalista-e-sequestrado-de-casa-em-boa-vista.ghtml\">acionou o servi\u00e7o de intelig\u00eancia para apurar o crime<\/a>.<\/p>\n<\/div>\n<\/div>\n","protected":false},"excerpt":{"rendered":"<p>O jornalista Romano dos Anjos, de 40 anos,\u00a0sequestrado da pr\u00f3pria casa, foi encontrado vivo na&#8230;<\/p>\n","protected":false},"author":3,"featured_media":0,"comment_status":"closed","ping_status":"closed","sticky":false,"template":"","format":"standard","meta":{"footnotes":""},"categories":[14],"tags":[],"class_list":["post-11709790","post","type-post","status-publish","format-standard","hentry","category-geral"],"_links":{"self":[{"href":"https:\/\/www.corumbaonline.com.br\/news\/wp-json\/wp\/v2\/posts\/11709790","targetHints":{"allow":["GET"]}}],"collection":[{"href":"https:\/\/www.corumbaonline.com.br\/news\/wp-json\/wp\/v2\/posts"}],"about":[{"href":"https:\/\/www.corumbaonline.com.br\/news\/wp-json\/wp\/v2\/types\/post"}],"author":[{"embeddable":true,"href":"https:\/\/www.corumbaonline.com.br\/news\/wp-json\/wp\/v2\/users\/3"}],"replies":[{"embeddable":true,"href":"https:\/\/www.corumbaonline.com.br\/news\/wp-json\/wp\/v2\/comments?post=11709790"}],"version-history":[{"count":1,"href":"https:\/\/www.corumbaonline.com.br\/news\/wp-json\/wp\/v2\/posts\/11709790\/revisions"}],"predecessor-version":[{"id":11709791,"href":"https:\/\/www.corumbaonline.com.br\/news\/wp-json\/wp\/v2\/posts\/11709790\/revisions\/11709791"}],"wp:attachment":[{"href":"https:\/\/www.corumbaonline.com.br\/news\/wp-json\/wp\/v2\/media?parent=11709790"}],"wp:term":[{"taxonomy":"category","embeddable":true,"href":"https:\/\/www.corumbaonline.com.br\/news\/wp-json\/wp\/v2\/categories?post=11709790"},{"taxonomy":"post_tag","embeddable":true,"href":"https:\/\/www.corumbaonline.com.br\/news\/wp-json\/wp\/v2\/tags?post=11709790"}],"curies":[{"name":"wp","href":"https:\/\/api.w.org\/{rel}","templated":true}]}}