{"id":11709804,"date":"2020-10-29T08:50:00","date_gmt":"2020-10-29T12:50:00","guid":{"rendered":"http:\/\/www.corumbaonline.com.br\/news\/?p=11709804"},"modified":"2020-10-29T09:54:48","modified_gmt":"2020-10-29T13:54:48","slug":"esfaqueamento-deixa-tres-mortos-em-nice-ataque-terrorista-diz-prefeito","status":"publish","type":"post","link":"https:\/\/www.corumbaonline.com.br\/news\/esfaqueamento-deixa-tres-mortos-em-nice-ataque-terrorista-diz-prefeito\/","title":{"rendered":"Esfaqueamento deixa tr\u00eas mortos em Nice; &#8216;ataque terrorista&#8217;, diz prefeito"},"content":{"rendered":"<p>Tr\u00eas pessoas foram mortas em um ataque com faca na cidade de Nice, no sul da Fran\u00e7a, disse a pol\u00edcia.<\/p>\n<p>O prefeito de Nice, Christian Estrosi, afirmou que tudo apontava para um &#8220;ataque terrorista no cora\u00e7\u00e3o da bas\u00edlica de Notre-Dame&#8221;.<\/p>\n<p class=\"text\">A pol\u00edcia disse que uma mulher foi decapitada no ataque e Estrosi falou em &#8220;islamofascismo&#8221;. O suspeito foi detido logo ap\u00f3s o ataque.<\/p>\n<p class=\"text\">Os promotores nacionais antiterror da Fran\u00e7a abriram um inqu\u00e9rito de assassinato.<\/p>\n<p class=\"text\">O prefeito disse a rep\u00f3rteres que o suspeito &#8220;repetiu indefinidamente &#8216;Allahu Akbar&#8217; (&#8220;Al\u00e1 \u00e9 o maior&#8221;, em portugu\u00eas) quando estava sendo tratado no local&#8221;.<\/p>\n<p class=\"text\">Estrosi disse que um dos mortos era o zelador da bas\u00edlica.<\/p>\n<p class=\"text\">O ministro do Interior fez um apelo \u00e0s pessoas para evitarem a \u00e1rea no centro da cidade da Riviera Francesa. G\u00e9rald Darmanin disse que estava convocando uma reuni\u00e3o de crise no minist\u00e9rio em Paris.<\/p>\n<p class=\"text\">Um minuto de sil\u00eancio foi feito na Assembleia Nacional, onde o primeiro-ministro, Jean Castex, acabara de dar detalhes do novo lockdown que entrou em vigor na noite de quinta-feira.<\/p>\n<p class=\"text\">&#8220;Sem d\u00favida, este \u00e9 um novo desafio muito s\u00e9rio que est\u00e1 atingindo nosso pa\u00eds&#8221;, disse ele, fazendo um apelo por unidade e coes\u00e3o.<\/p>\n<p class=\"text\">O ataque em Nice ocorre quase duas semana ap\u00f3s a morte do prefessor Samuel Paty em uma escola nos arredores de Paris.<\/p>\n<p class=\"text\">Segundo a pol\u00edcia francesa, Paty foi decapitado por Abullakh Azorov, de 18 anos, por ter mostrado a seus alunos charges do profeta Maom\u00e9, figura sagrada no islamismo, como parte de uma aula sobre liberdade de express\u00e3o. Azorov foi morto a tiros pela pol\u00edcia.<\/p>\n<p class=\"text\">Em julho de 2016, Nice foi palco de outro atentado, em maior escala. Um caminh\u00e3o atropelou diversas pessoas que estavam assistindo \u00e0 queima de fogos em comemora\u00e7\u00e3o ao 14 de Julho, Dia da Bastilha, matando 86 pessoas e ferindo outras 500.<\/p>\n<p class=\"text\">O ataque terminou ap\u00f3s uma troca de tiros com a pol\u00edcia, que matou o condutor, identificado como o tunisiano Mohamed Lahouaiej-Bouhlel, de 31 anos, que morava na Fran\u00e7a.<\/p>\n","protected":false},"excerpt":{"rendered":"<p>Tr\u00eas pessoas foram mortas em um ataque com faca na cidade de Nice, no sul&#8230;<\/p>\n","protected":false},"author":11,"featured_media":0,"comment_status":"closed","ping_status":"closed","sticky":false,"template":"","format":"standard","meta":{"footnotes":""},"categories":[15],"tags":[],"class_list":["post-11709804","post","type-post","status-publish","format-standard","hentry","category-internacional"],"_links":{"self":[{"href":"https:\/\/www.corumbaonline.com.br\/news\/wp-json\/wp\/v2\/posts\/11709804","targetHints":{"allow":["GET"]}}],"collection":[{"href":"https:\/\/www.corumbaonline.com.br\/news\/wp-json\/wp\/v2\/posts"}],"about":[{"href":"https:\/\/www.corumbaonline.com.br\/news\/wp-json\/wp\/v2\/types\/post"}],"author":[{"embeddable":true,"href":"https:\/\/www.corumbaonline.com.br\/news\/wp-json\/wp\/v2\/users\/11"}],"replies":[{"embeddable":true,"href":"https:\/\/www.corumbaonline.com.br\/news\/wp-json\/wp\/v2\/comments?post=11709804"}],"version-history":[{"count":1,"href":"https:\/\/www.corumbaonline.com.br\/news\/wp-json\/wp\/v2\/posts\/11709804\/revisions"}],"predecessor-version":[{"id":11709805,"href":"https:\/\/www.corumbaonline.com.br\/news\/wp-json\/wp\/v2\/posts\/11709804\/revisions\/11709805"}],"wp:attachment":[{"href":"https:\/\/www.corumbaonline.com.br\/news\/wp-json\/wp\/v2\/media?parent=11709804"}],"wp:term":[{"taxonomy":"category","embeddable":true,"href":"https:\/\/www.corumbaonline.com.br\/news\/wp-json\/wp\/v2\/categories?post=11709804"},{"taxonomy":"post_tag","embeddable":true,"href":"https:\/\/www.corumbaonline.com.br\/news\/wp-json\/wp\/v2\/tags?post=11709804"}],"curies":[{"name":"wp","href":"https:\/\/api.w.org\/{rel}","templated":true}]}}